{"id":23494,"date":"2021-08-02T09:00:18","date_gmt":"2021-08-02T07:00:18","guid":{"rendered":"https:\/\/www.diedruckerei.de\/magazin\/?p=23494"},"modified":"2025-04-28T16:54:45","modified_gmt":"2025-04-28T14:54:45","slug":"indesign-tabellen-erstellen","status":"publish","type":"post","link":"https:\/\/www.onlineprinters.at\/magazin\/indesign-tabellen-erstellen\/","title":{"rendered":"InDesign-Tabellen erstellen \u2013 Basics Tutorial"},"content":{"rendered":"<span class=\"span-reading-time rt-reading-time\" style=\"display: block;\"><span class=\"rt-label rt-prefix\">Lesedauer<\/span> <span class=\"rt-time\"> 7<\/span> <span class=\"rt-label rt-postfix\">Minuten<\/span><\/span><p>Aufz\u00e4hlungen und Statistiken werden meist in Tabellen \u00fcbersichtlich strukturiert und formatiert. Excel bietet hier jedoch nur bedingt optische Gestaltungsm\u00f6glichkeiten. In unserem Tutorial zeigen wir Ihnen, am Beispiel eines Tischkalenders, wie Sie in nur wenigen Schritten mit InDesign Tabellen erstellen k\u00f6nnen. Praktisch: Dazu bieten wir Druckvorlagen f\u00fcr die DIN-A5-Tischkalender 2022\/23 zum kostenlosen Download an.<!--more--><\/p>\n<p>Tabellen helfen Informationen \u00fcbersichtlich darzustellen. Doch was macht man, wenn einfache Tabellen und \u00dcbersichten aus Excel optisch nicht ausreichen? Mehr Gestaltungsspielraum bietet Adobe InDesign. Mit den zahlreichen optischen Bearbeitungsm\u00f6glichkeiten k\u00f6nnen Sie nicht nur Preise und \u00d6ffnungszeiten optisch sch\u00f6ner darstellen, sondern auch Produktdetails oder Kalendertage. In unserem Tutorial zeigen wir Ihnen, wie Sie mit nur wenigen Bedienfeldern in InDesign Tabellen erstellen k\u00f6nnen.<\/p>\n<h2>Videotutorial<\/h2>\n<p><iframe loading=\"lazy\" src=\"https:\/\/www.youtube.com\/embed\/WYUih-LUBmA\" width=\"560\" height=\"315\" frameborder=\"0\" allowfullscreen=\"allowfullscreen\"><\/iframe><\/p>\n<p><strong>Inhaltsverzeichnis<\/strong><\/p>\n<ul>\n<li><a href=\"#vorlagen\">Kostenlose Druckvorlagen: Tischkalender f\u00fcr 2022\/23<\/a><\/li>\n<li><a href=\"#tabellenerstellen\">Mit Indesign Tabellen erstellen<\/a><\/li>\n<li><a href=\"#formatierungsoptionen\">Zahlreiche Formatierungsoptionen<\/a><\/li>\n<li><a href=\"#absatzformate\">Absatzformate definieren und speichern<\/a><\/li>\n<li><a href=\"#inhalte\">Inhalt in die Tabelle einf\u00fcgen und formatieren<\/a><\/li>\n<li><a href=\"#tabellenformatieren\">InDesign-Tabellen final formatieren<\/a><\/li>\n<li><a href=\"#individuellerfeinschliff\">Feinschliff: Druckvorlagen individualisieren<\/a><\/li>\n<\/ul>\n<p>Hilfreich k\u00f6nnen Tabellen auch bei der Erstellung von Kalendern sein. Da sich zu Beginn eines jeden Monats in der Regel der Wochentag \u00e4ndert, k\u00f6nnen vorformatierte Tabellen verwendet werden, bei denen nur noch die Kalendertage eingesetzt werden m\u00fcssen. Das spart nicht nur Zeit, sondern l\u00e4sst sich auch f\u00fcr Folgejahre leichter anpassen \u2013 inhaltlich sowie gestalterisch.<\/p>\n<p>Sie k\u00f6nnen Ihre Kalender selbst frei gestalten oder einfach unsere <strong>kostenlosen Druckvorlagen f\u00fcr DIN-A5-Tischkalender<\/strong> nutzen:<a name=\"vorlagen\"><\/a><\/p>\n<div class=\"responsiveTable\"><table style=\"border-collapse: collapse; width: 100%;\" border=\"1\">\n<tbody>\n<tr>\n<td style=\"width: 50%;\"><a class=\"op-read-more in-post aligncenter\" href=\"https:\/\/bit.ly\/tischkalender2022\" target=\"_blank\" rel=\"noopener noreferrer\">Druckvorlage Tischkalender 2022<\/a><\/td>\n<td style=\"width: 50%;\"><a class=\"op-read-more in-post aligncenter\" href=\"https:\/\/bit.ly\/tischkalender2023\" target=\"_blank\" rel=\"noopener noreferrer\">Druckvorlage Tischkalender 2023<\/a><\/td>\n<\/tr>\n<\/tbody>\n<\/table><\/div>\n<p style=\"text-align: center; font-size: 8pt; line-height: 1.2; margin-top: 1.5em;\"><em><span style=\"font-size: 8pt; line-height: 8pt;\">Hinweis: Die Bilder in den Vorlagen sind als Inspiration gedacht und nicht in Druckaufl\u00f6sung eingebettet oder verkn\u00fcpft. Sie k\u00f6nnen diese aber mithilfe des Verkn\u00fcpfungsnamens bei pixabay.de oder pexels.de finden<\/span> <\/em><\/p>\n<div class=\"custom-background custom-background-dos\">\n<p>Laden Sie sich einfach unsere Vorlagen herunter, f\u00fcgen Sie eigene Bilder ein und bestellen Sie Ihre individuellen <a href=\"https:\/\/www.onlineprinters.at\/k\/tischkalender\">Tischkalender<\/a> im DIN-A5-Format bei ONLINEPRINTERS. Bei Bedarf k\u00f6nnen Sie nat\u00fcrlich auch die Farben und Schriften der Vorlage tauschen. Wie Sie ein Druck-PDF erstellen, erfahren Sie in unserem Beitrag <a href=\"https:\/\/www.onlineprinters.at\/magazin\/druckfertige-pdfs-exportieren-indesign\/\">Ctrl + E: Druckfertige PDFs exportieren mit InDesign<\/a>.<\/p>\n<\/div>\n<h2><a name=\"tabellenerstellen\"><\/a>Mit Indesign Tabellen erstellen \u2013 erste Einstellungen<\/h2>\n<p>In unserem Beispiel soll ein <a href=\"https:\/\/www.onlineprinters.at\/k\/tischkalender\">Tischkalender<\/a> gestaltet werden \u2013 und auch wenn das Tutorial bereits aus dem Jahr 2020 stammt, ist es dennoch aktuell und hilft Ihnen auch weiterhin beim Erstellen Ihrer Kalender f\u00fcr das neue Jahr.<\/p>\n<p>Die Daten des Kalenders werden mit Hilfe einer Tabelle dargestellt. In InDesign Tabellen erstellen geht recht einfach: Klicken Sie im oberen Men\u00fc auf den Reiter <span class=\"guideline\">Tabelle<\/span> und anschlie\u00dfend auf den Befehl <span class=\"guideline\">Tabelle erzeugen<\/span>. In diesem Tutorial arbeiten Sie nur mit diesem einen Bedienfeld. Die Tabelle wird im weiteren Verlauf \u00fcber die Hauptoberfl\u00e4che von InDesign formatiert und gestaltet.<\/p>\n<p><a href=\"https:\/\/www.onlineprinters.at\/magazin\/wp-content\/uploads\/2020\/02\/Bild_2-1.jpg\"><img loading=\"lazy\" decoding=\"async\" class=\"td-modal-image aligncenter wp-image-23504 size-large\" src=\"https:\/\/www.onlineprinters.at\/magazin\/wp-content\/uploads\/2020\/02\/Bild_2-1-1024x556.jpg\" alt=\"Eine Computeroberfl\u00e4che zeigt ein Dialogfeld zum Erstellen von InDesign-Tabellen an, das Optionen f\u00fcr Spalten, Zeilen und weitere Einstellungen bietet. Im Hintergrund links verleiht ein schneebedeckter Berg der Szene eine ruhige Note.\" width=\"696\" height=\"378\" \/><\/a><\/p>\n<div class=\"custom-background custom-background-dos\">\n<p><strong>Wichtig:<\/strong> Damit Sie Textanpassungen und Tabellenformate einstellen k\u00f6nnen, muss der erweitere Arbeitsbereich sichtbar sein. Dies k\u00f6nnen Sie im Men\u00fcpunkt <span class=\"guideline\">Fenster<\/span> unter <span class=\"guideline\">Arbeitsbereich<\/span> einstellen. W\u00e4hlen Sie hier einfach den Befehl <span class=\"guideline\">[Erweitert]<\/span>.<\/p>\n<\/div>\n<p>Stellen Sie im ge\u00f6ffneten Bedienfeld <span class=\"guideline\">Tabelle erstellen<\/span> die Anzahl der Zeilen und die Spalten ein. F\u00fcr die Tischkalender ben\u00f6tigen wir f\u00fcnf Zeilen und sieben Spalten. Zus\u00e4tzlich wird eine Kopfzeile ben\u00f6tigt, in der wir sp\u00e4ter die Abk\u00fcrzungen f\u00fcr die Wochentage einf\u00fcgen. Eine Fu\u00dfzeile ben\u00f6tigen wir nicht. Best\u00e4tigen Sie anschlie\u00dfend das Bedienfeld mit <span class=\"guideline\">OK<\/span> und ziehen Sie mit gedr\u00fcckter linker Maustaste die Tabelle im freien Bereich des Kalenders auf. InDesign generiert Ihnen dann eine Tabelle mit Ihren Einstellungen. Die Position de Tabelle k\u00f6nnen Sie nat\u00fcrlich jederzeit ver\u00e4ndern.<\/p>\n<h2><a href=\"https:\/\/www.onlineprinters.at\/magazin\/wp-content\/uploads\/2020\/02\/Bild_3-1.jpg\"><img loading=\"lazy\" decoding=\"async\" class=\"td-modal-image aligncenter wp-image-23505 size-large\" src=\"https:\/\/www.onlineprinters.at\/magazin\/wp-content\/uploads\/2020\/02\/Bild_3-1-1024x556.jpg\" alt=\"Ein digitaler Entwurf einer Kalenderseite f\u00fcr Januar 2020, angezeigt in einer Bearbeitungssoftware. Die linke Seite zeigt einen schneebedeckten Berg mit dem blauen Feld \u201e1. Januar\u201c. Die rechte Seite, erstellt mit den Tabellenerstellungstools von InDesign, enth\u00e4lt ein Raster f\u00fcr die Tage und Zeilen mit der Beschriftung \u201eNOTIZEN\u201c.\" width=\"696\" height=\"378\" \/><\/a><\/h2>\n<h2><a name=\"formatierungsoptionen\"><\/a>In InDesign Tabellen erstellen: Die Formatierung macht\u2019s!<\/h2>\n<p>Um die Tabelle zu formatieren, machen Sie einen Doppelklick mit der linken Maustaste in eine Zelle und markieren den gesamten Tabellenbereich. Die obere Men\u00fcebene wechselt dann automatisch die Ansicht: Statt Textwerkzeugen wird die Tabellenformatierung eingeblendet. Hier k\u00f6nnen Sie alle inhaltlichen und gestalterischen Einstellungen f\u00fcr Ihre Tabelle vornehmen. <strong>Das geht jedoch nur unter einer Voraussetzung: Der Bereich, den Sie formatieren m\u00f6chten, muss markiert sein.<\/strong> Dies gilt f\u00fcr das komplette Tutorial, wird im weiteren Verlauf jedoch nicht noch einmal extra aufgef\u00fchrt.<\/p>\n<p><a href=\"https:\/\/www.onlineprinters.at\/magazin\/wp-content\/uploads\/2020\/02\/Bild_4-1.jpg\"><img loading=\"lazy\" decoding=\"async\" class=\"td-modal-image aligncenter wp-image-23506 size-large\" src=\"https:\/\/www.onlineprinters.at\/magazin\/wp-content\/uploads\/2020\/02\/Bild_4-1-1024x556.jpg\" alt=\"Screenshot einer InDesign-\u00e4hnlichen Benutzeroberfl\u00e4che einer Designsoftware mit einem schwarz-wei\u00dfen Raster auf der rechten Seite und einem teilweise sichtbaren blau-grauen Bereich mit Text auf der linken Seite. Symbolleisten und Lineale befinden sich oben und an den Seiten \u2013 ideal f\u00fcr Projekte zur Tabellenerstellung.\" width=\"696\" height=\"378\" \/><\/a><\/p>\n<div class=\"custom-background custom-background-dos\">\n<p><strong>Hinweis:<\/strong> Der Tabellenkopf und die Zellen f\u00fcr die Kalendertage lassen sich nur separat voneinander markieren. Das bedeutet, Sie k\u00f6nnen die Kopfzeile nur einzeln formatieren. Sollten Sie alle Spalten und Zeilen in einem Schritt gleich formatieren wollen, verzichten Sie bei den Einstellungen auf eine Kopfzeile.<\/p>\n<\/div>\n<h3>Voreinstellungen f\u00fcr das Tabellenformat<\/h3>\n<p>Zuerst m\u00f6chten wir die Voreinstellungen der Tabelle bearbeiten. Dabei soll der \u00e4u\u00dfere Rand der Tabelle sowie alle senkrechten Linien ausgeblendet werden. Die Linien der Tabelle k\u00f6nnen Sie im Tabellenfenster im oberen Einstellungsmen\u00fc anpassen. In diesem kleinen Rechteck k\u00f6nnen Sie mit einem Linksklick einzelne Seiten an- oder abw\u00e4hlen. Angew\u00e4hlte Seiten sind blau, abgew\u00e4hlte Seiten werden schwarz dargestellt. Sie k\u00f6nnen nur angew\u00e4hlte Linien bearbeiten (blau).<\/p>\n<p><a href=\"https:\/\/www.onlineprinters.at\/magazin\/wp-content\/uploads\/2020\/02\/Bild_5-1.jpg\"><img loading=\"lazy\" decoding=\"async\" class=\"td-modal-image aligncenter wp-image-23507 size-large\" src=\"https:\/\/www.onlineprinters.at\/magazin\/wp-content\/uploads\/2020\/02\/Bild_5-1-1024x556.jpg\" alt=\"Auf einem Computerbildschirm wird ein Designprogramm mit einem InDesign-Tabellenlayout angezeigt. Links ist \u201eJanuar 01\u201c \u00fcber einem schneebedeckten Bergbild zu sehen. Rechts zeigen schwarze Rechtecke m\u00f6gliche Kalendereintr\u00e4ge an. Oben sind Programmwerkzeuge und Ma\u00dfangaben zu sehen.\" width=\"696\" height=\"378\" \/><\/a>In unserer Beispieltabelle sollen nur die waagerechten Linien beibehalten werden, daher wird die mittlere Linie abgew\u00e4hlt (schwarz). Da die gesamte Kontur ausgeblendet werden soll, bleibt der Rand angew\u00e4hlt (blau). Setzen Sie die <span class=\"guideline\">Konturenst\u00e4rke<\/span> auf 0 Punkt (direkt links neben dem Formatierungsfenster). Markieren Sie jetzt den Tabellenkopf. W\u00e4hlen Sie alle Seiten an, au\u00dfer der unteren waagerechten Linie. Diese soll beibehalten werden. Setzten Sie dann erneut die Konturenst\u00e4rke f\u00fcr die Kopfzeile auf 0 Punkt.<\/p>\n<div class=\"custom-background custom-background-dos\">\n<p><strong>Wichtig:<\/strong> Wenn Sie in InDesign Tabellen erstellen, beachten Sie, dass Sie nur angew\u00e4hlte Linien (blau markiert) formatieren k\u00f6nnen.<\/p>\n<\/div>\n<h3>Gestalterische Formatierung<\/h3>\n<p>Im n\u00e4chsten Schritt formatieren wir die Tabelle so, dass sie an einen Kalender erinnert. Markieren Sie zun\u00e4chst die Zellen der Tabelle und klicken Sie in der oberen Seitenauswahl alle waagerechten Linien an. Passen Sie die Konturenst\u00e4rke von 1 Punkt auf 0,5 Punkt an. Dann k\u00f6nnen Sie eine <span class=\"guideline\">Konturenfarbe<\/span> definieren, die zuvor angelegt wurde. \u00d6ffnen Sie dazu die <span class=\"guideline\">Konturenfarbpalette<\/span>, w\u00e4hlen Sie die gew\u00fcnschte Konturenfarbe und setzen Sie den <span class=\"guideline\">Farbton<\/span> auf 30 %.<\/p>\n<p><a href=\"https:\/\/www.onlineprinters.at\/magazin\/wp-content\/uploads\/2020\/02\/Bild_6-1.jpg\"><img loading=\"lazy\" decoding=\"async\" class=\"td-modal-image aligncenter wp-image-23495 size-large\" src=\"https:\/\/www.onlineprinters.at\/magazin\/wp-content\/uploads\/2020\/02\/Bild_6-1-1024x556.jpg\" alt=\"Screenshot der Benutzeroberfl\u00e4che einer Designsoftware mit einem Farbwechselfeld neben einem Tool zum Erstellen von InDesign-Tabellen. Der Hintergrund zeigt eine Landschaft mit Bergen unter bew\u00f6lktem Himmel. Die obere Symbolleiste bietet verschiedene Optionen f\u00fcr Layout, Druck und Bearbeitungsanpassungen.\" width=\"696\" height=\"378\" \/><\/a><\/p>\n<p>Wiederholen Sie den Vorgang bei der unteren Linie, wenn Sie die Kopfzeile markieren. Der Tabellenkopf soll zudem einen leicht grauen Hintergrund erhalten. W\u00e4hlen Sie als <span class=\"guideline\">Fl\u00e4chenfarbe<\/span> den angelegten Grauton aus und stellen Sie den <span class=\"guideline\">Farbton<\/span> auf 5 % ein. Damit steht das grundlegende Tabellenformat f\u00fcr den Kalender und Sie k\u00f6nnen Ihre Inhalte einf\u00fcgen.<\/p>\n<h3><a href=\"https:\/\/www.onlineprinters.at\/magazin\/wp-content\/uploads\/2020\/02\/Bild_7-1.jpg\"><img loading=\"lazy\" decoding=\"async\" class=\"td-modal-image aligncenter wp-image-23496 size-large\" src=\"https:\/\/www.onlineprinters.at\/magazin\/wp-content\/uploads\/2020\/02\/Bild_7-1-1024x556.jpg\" alt=\"Screenshot der Benutzeroberfl\u00e4che einer Grafikdesign-Software (wahrscheinlich InDesign), die ein teilweise fertiggestelltes Dokument zeigt. Das Layout umfasst f\u00fcnf horizontale Linien und ein Foto schneebedeckter Berge in der unteren linken Ecke. Dies deutet darauf hin, wie Tabellen erstellen Ihr Design verbessern kann.\" width=\"696\" height=\"378\" \/><\/a>Indesign-Tabellen: Inhalt der Kopfzeile formatieren<\/h3>\n<p>In der Kopfzeile sollen nun die Abk\u00fcrzungen f\u00fcr die Wochentage \u2013 von Montag (Mo) bis Sonntag (So) \u2013 eingef\u00fcgt werden. Machen Sie einen Doppelklick in die erste Zelle der Kopfzeile und tragen Sie \u201eMo\u201c ein. Mit der Tabulator-Taste springen Sie in die n\u00e4chste Spalte und k\u00f6nnen so schnell die Inhalte eingeben.<\/p>\n<p><a href=\"https:\/\/www.onlineprinters.at\/magazin\/wp-content\/uploads\/2020\/02\/Bild_8-1.jpg\"><img loading=\"lazy\" decoding=\"async\" class=\"td-modal-image aligncenter wp-image-23497 size-large\" src=\"https:\/\/www.onlineprinters.at\/magazin\/wp-content\/uploads\/2020\/02\/Bild_8-1-1024x556.jpg\" alt=\"Ein Screenshot einer Grafiksoftware, m\u00f6glicherweise InDesign, zeigt ein Kalenderlayout. Die Tage sind auf Deutsch beschriftet: \u201eMo\u201c, \u201eDi\u201c, \u201eMi\u201c, \u201eDo\u201c, \u201eFr\u201c, \u201eSa\u201c und \u201eSo\u201c. Oben sind die Symbolleiste und die Optionen zum Erstellen von Tabellen sichtbar.\" width=\"696\" height=\"378\" \/><\/a>Markieren Sie alle Spalten der Kopfzeile, um den Text zu formatieren. Im Beispiel verwenden wir f\u00fcr die Wochentage die Schriftart \u201eBebas Neue\u201c, Schriftschnitt \u201eBold\u201c in der Schriftgr\u00f6\u00dfe 12 Punkt. Zentrieren Sie dann den Text vertikal wie horizontal. Um die Textfarbe zu \u00e4ndern, \u00f6ffnen Sie die <span class=\"guideline\">Farbpalette<\/span> und klicken Sie auf den <span class=\"guideline\">Text-Button<\/span>, der durch ein gro\u00dfes <span class=\"guideline\">T<\/span> dargestellt wird. Sie k\u00f6nnen die Textfarbe nur anpassen, wenn dieser Button ausgew\u00e4hlt ist. Wir haben im Vorfeld einen hellen Blauton angelegt, den wir jetzt in der Farbpalette f\u00fcr die Wochentage ausw\u00e4hlen.<\/p>\n<h2><a href=\"https:\/\/www.onlineprinters.at\/magazin\/wp-content\/uploads\/2020\/02\/Bild_9-1.jpg\"><img loading=\"lazy\" decoding=\"async\" class=\"td-modal-image aligncenter wp-image-23498 size-large\" src=\"https:\/\/www.onlineprinters.at\/magazin\/wp-content\/uploads\/2020\/02\/Bild_9-1-1024x556.jpg\" alt=\"Screenshot einer Desktop-Publishing-Software, die an InDesign erinnert und ein Layout mit einem Men\u00fc mit Farboptionen, einem Himmelsbild mit dem Datum \u201e1. Januar\u201c und einem schwarzen Balken mit abgek\u00fcrzten Tagen zeigt: \u201eMO DI MI DO FR SA\u201c, perfekt f\u00fcr alle, die m\u00fchelos Tabellen erstellen m\u00f6chten.\" width=\"696\" height=\"378\" \/><\/a><\/h2>\n<h2><a name=\"absatzformate\"><\/a>Absatzformate als Arbeitserleichterung<\/h2>\n<p>Sie m\u00f6chten genau diese Formatierung wiederverwenden? Dann speichern Sie sich die Einstellungen als Formatvorgabe in einem neuen Absatzformat ab. Markieren Sie dazu die gesamte Kopfzeile, \u00f6ffnen Sie das Absatzformat-Bedienfeld, welches Sie in der rechten Men\u00fcleiste finden, und klicken Sie auf Neues Absatzformat. Die Formatierung wird dann als \u201eAbsatzformat 1\u201c angelegt. Mit einem Doppelklick k\u00f6nnen Sie den Namen des Formats \u00e4ndern. Wir benennen das Absatzformat in unserem Beispiel in \u201eWochentage\u201c.<\/p>\n<p><a href=\"https:\/\/www.onlineprinters.at\/magazin\/wp-content\/uploads\/2020\/02\/Bild_10-1.jpg\"><img loading=\"lazy\" decoding=\"async\" class=\"td-modal-image aligncenter wp-image-23499 size-large\" src=\"https:\/\/www.onlineprinters.at\/magazin\/wp-content\/uploads\/2020\/02\/Bild_10-1-1024x556.jpg\" alt=\"Ein Screenshot der deutschsprachigen Benutzeroberfl\u00e4che einer Design-Software zeigt die Funktion \u201eTabellen erstellen\u201c in InDesign. Das Einstellungsfenster enth\u00e4lt Texteingabefelder und Dropdown-Men\u00fcs zur Formatanpassung, w\u00e4hrend in der rechten Seitenleiste Formatierungsoptionen und eine Liste mit Stilen angezeigt werden.\" width=\"696\" height=\"378\" \/><\/a><\/p>\n<h2><a name=\"inhalte\"><\/a>Kalendertage einf\u00fcgen und formatieren<\/h2>\n<p>Jetzt fehlen nur noch die Zahlen. Um die richtigen Daten in Ihren Kalender einzuf\u00fcgen, gibt es verschiedene Optionen. Laden Sie sich beispielsweise das InDesign-Skript \u201eCalendar Wizard\u201c herunter. Damit k\u00f6nnen Sie Kalenderdaten automatisch generieren lassen. Diese Datens\u00e4tze m\u00fcssen Sie nur noch per Copy-and-paste in Ihren formatierten Kalender \u00fcbertragen. Alternativ k\u00f6nnen Sie die Ihren Kalender h\u00e4ndisch mit den Zahlen f\u00fcllen oder die Daten aus einem Online-Kalender kopieren. Um die Daten dann in ihren Kalender einzuf\u00fcgen markieren Sie alle Kalendertage und dr\u00fccken Sie die Tastenkombination <span class=\"guideline\">Strg + V<\/span>. \u00dcberpr\u00fcfen Sie dann noch einmal, ob die Kalendertage zum jeweiligen Wochentag passen. Schlie\u00dflich f\u00e4ngt nicht jeder Monat mit einem Montag an.<\/p>\n<p><a href=\"https:\/\/www.onlineprinters.at\/magazin\/wp-content\/uploads\/2020\/02\/Bild_11-1.jpg\"><img loading=\"lazy\" decoding=\"async\" class=\"td-modal-image aligncenter wp-image-23500 size-large\" src=\"https:\/\/www.onlineprinters.at\/magazin\/wp-content\/uploads\/2020\/02\/Bild_11-1-1024x556.jpg\" alt=\"Ein digitales Kalenderlayout in einer Design-Software-Oberfl\u00e4che, \u00e4hnlich wie InDesign, zeigt einen Monat mit Datum und Wochentagen in blauer Schrift. Der Hintergrund zeigt links eine Berglandschaft, w\u00e4hrend rechts und oben Bedienfelder zum Erstellen von Tabellen und Men\u00fcs sichtbar sind.\" width=\"696\" height=\"378\" \/><\/a>Im n\u00e4chsten Schritt sollen die Kalendertage formatiert werden. W\u00e4hlen Sie dazu die Schriftart \u201eBebas Neue\u201c im Schriftschnitt \u201eBook\u201c und der Schriftgr\u00f6\u00dfe 12 Punkt aus. Wie bereits bei den Texten in der Kopfzeile, m\u00f6chten wir auch die Zahlen vertikal wie horizontal zentriert in den Zellen ausrichten. Als Textfarbe kommt wieder \u201eGrau\u201c zum Einsatz. <strong>Achten Sie beim Einf\u00e4rben des Textes darauf, dass Sie in der Farbpalette der <span class=\"guideline\">T-Button<\/span> zur Bearbeitung des Textes ausgew\u00e4hlt ist.<\/strong> Speichern Sie abschlie\u00dfend die Formatierung wieder als neues Absatzformat ab \u2013 idealerweise mit einem eindeutigen Namen wie etwa \u201eKalendertage\u201c. Nun sollen die Wochenenden noch hervorgehoben werden. Markieren Sie dazu die entsprechenden Spalten in der Tabelle und vergeben Sie die Farbe \u201eHellblau\u201c.<\/p>\n<h2><a name=\"tabellenformatieren\"><\/a>InDesign-Tabellen final formatieren<\/h2>\n<p>Im letzten Schritt m\u00f6chten wir die Tabellenh\u00f6he sauber formatieren. Markieren Sie dazu zun\u00e4chst die Kopfzeile und definieren Sie im oberen <span class=\"guideline\">Formatierungsmen\u00fc<\/span> auf der rechten Seite die <span class=\"guideline\">Zellenh\u00f6he<\/span>. F\u00fcr unseren Kalender verwenden wir einen Wert von 12 mm ein. W\u00e4hlen Sie die restlichen Zellen mit den Zahlen an und definieren Sie eine Zellenh\u00f6he von 16 mm. Sie k\u00f6nnen die formatierte Tabelle nun auf den anderen Kalenderseiten und den restlichen elf Monaten anwenden. Final m\u00fcssen Sie nur noch die richtigen Daten aus dem InDesign-Skript oder dem Internet \u00fcbernehmen. Fertig ist das Ger\u00fcst f\u00fcr Ihren Tischkalender!<\/p>\n<div class=\"custom-background custom-background-dos\">\n<p><strong>Schon gewusst?<\/strong> Die vier Werte, die rechts neben der Zeilenh\u00f6he angezeigt werden, definieren den Textabstand zum Tabellenrand. Dies kann n\u00fctzlich sein, wenn Sie Texte nicht mittig ausrichten m\u00f6chten. Die Icons neben den Werten zeigen an, in welche Richtung sich eine Wert\u00e4nderung auswirkt.<\/p>\n<\/div>\n<h2><a name=\"individuellerfeinschliff\"><\/a>Feinschliff: Druckvorlagen individuell gestalten<\/h2>\n<p>Wenn Sie unsere <a href=\"#vorlagen\">kostenlosen Druckvorlagen<\/a> verwenden, k\u00f6nnen Sie Ihre Kalender noch individuell gestalten und die von uns verwendeten Bilder austauschen. Wie Sie schnell und einfach Bilder in Indesign einf\u00fcgen, verwalten und \u00fcberpr\u00fcfen k\u00f6nnen, erfahren Sie in unserem Basics-Tutorial <a href=\"https:\/\/www.onlineprinters.at\/magazin\/indesign-bilder-einfuegen\/\">Layouten mit InDesign: Bilder einf\u00fcgen \u2013 Basics Tutorial<\/a>.<\/p>\n<figure id=\"attachment_30604\" aria-describedby=\"caption-attachment-30604\" style=\"width: 1200px\" class=\"wp-caption aligncenter\"><a href=\"https:\/\/www.onlineprinters.at\/magazin\/wp-content\/uploads\/2021\/08\/InDesign_Tabellen_Mockup_neutral-scaled.jpg\"><img loading=\"lazy\" decoding=\"async\" class=\"td-modal-image size-full wp-image-30604\" src=\"https:\/\/www.onlineprinters.at\/magazin\/wp-content\/uploads\/2021\/08\/InDesign_Tabellen_Mockup_neutral-scaled.jpg\" alt=\"Ein spiralgebundener Desktop-Kalender mit einem Raster aus verschiedenen Landschafts- und Stadtfotos, gestaltet wie mit der Pr\u00e4zision von InDesign-Tabellen erstellt. Im mittleren Bereich steht gro\u00df das Wort \u201eJAHR\u201c, darunter befinden sich ein Stift und ein leerer Notizblock.\" width=\"1200\" height=\"940\" \/><\/a><figcaption id=\"caption-attachment-30604\" class=\"wp-caption-text\">Bildquelle Mock-up: Jacob_09 via Shutterstock; Kalenderbilder von Pexels<\/figcaption><\/figure>\n<p>Nat\u00fcrlich k\u00f6nnen Sie auch die Farben und Schriften nach Ihrem Geschmack und passend zu Ihren Corporate Design ver\u00e4ndern. Definieren Sie einfach ein neues Absatzformat und wenden Sie es auf die entsprechenden Texte und Zahlen an. Und zu guter Letzt: Wenn Sie die Kalender als Werbegeschenke f\u00fcr Ihre Kunden verwenden m\u00f6chten, vergessen Sie nicht Ihr Logo einzuf\u00fcgen.<\/p>\n<div class=\"custom-background-grey\">\n<p><strong>Credits:<\/strong><\/p>\n<p>Es gestaltet und spricht der Mediengestalter Christoph Ullrich.<\/p>\n<\/div>\n","protected":false},"excerpt":{"rendered":"<p><span class=\"span-reading-time rt-reading-time\" style=\"display: block;\"><span class=\"rt-label rt-prefix\">Lesedauer<\/span> <span class=\"rt-time\"> 7<\/span> <span class=\"rt-label rt-postfix\">Minuten<\/span><\/span>In unserem Tutorial zeigen wir Ihnen am Beispiel eines Tischkalenders, wie Sie in nur wenigen Schritten mit InDesign Tabellen erstellen k\u00f6nnen. Druckvorlagen f\u00fcr DIN-A5-Tischkalender gibt es kostenlos dazu.<\/p>\n","protected":false},"author":46,"featured_media":33529,"comment_status":"open","ping_status":"open","sticky":false,"template":"","format":"standard","meta":{"footnotes":""},"categories":[200,18,71,30],"tags":[],"yoast_head":"<!-- This site is optimized with the Yoast SEO plugin v24.5 - https:\/\/yoast.com\/wordpress\/plugins\/seo\/ -->\n<title>In InDesign Tabellen erstellen: Tutorial inkl. Druckvorlagen f\u00fcr Kalender<\/title>\n<meta name=\"description\" content=\"In unserem Basics-Tutorial zeigen wir Ihnen, am Beispiel eines Tischkalenders, wie Sie in nur wenigen Schritten in InDesign Tabellen erstellen k\u00f6nnen.\" \/>\n<meta name=\"robots\" content=\"index, follow, max-snippet:-1, max-image-preview:large, max-video-preview:-1\" \/>\n<link rel=\"canonical\" href=\"https:\/\/www.onlineprinters.at\/magazin\/indesign-tabellen-erstellen\/\" \/>\n<meta property=\"og:locale\" content=\"de_DE\" \/>\n<meta property=\"og:type\" content=\"article\" \/>\n<meta property=\"og:title\" content=\"InDesign-Tabellen erstellen \u2013 Basics Tutorial\" \/>\n<meta property=\"og:description\" content=\"In unserem Basics-Tutorial zeigen wir Ihnen, am Beispiel eines Tischkalenders, wie Sie in nur wenigen Schritten in InDesign Tabellen erstellen k\u00f6nnen.\" \/>\n<meta property=\"og:url\" content=\"https:\/\/www.onlineprinters.at\/magazin\/indesign-tabellen-erstellen\/\" \/>\n<meta property=\"og:site_name\" content=\"onlineprinters.at MAGAZIN\" \/>\n<meta property=\"article:published_time\" content=\"2021-08-02T07:00:18+00:00\" \/>\n<meta property=\"article:modified_time\" content=\"2025-04-28T14:54:45+00:00\" \/>\n<meta property=\"og:image\" content=\"https:\/\/www.onlineprinters.at\/magazin\/wp-content\/uploads\/2020\/02\/Beitragsbild_Tabelle_Indesign_2022.jpg\" \/>\n\t<meta property=\"og:image:width\" content=\"1280\" \/>\n\t<meta property=\"og:image:height\" content=\"695\" \/>\n\t<meta property=\"og:image:type\" content=\"image\/jpeg\" \/>\n<meta name=\"author\" content=\"Christoph\" \/>\n<meta name=\"twitter:card\" content=\"summary_large_image\" \/>\n<meta name=\"twitter:title\" content=\"InDesign-Tabellen erstellen \u2013 Basics Tutorial\" \/>\n<meta name=\"twitter:label1\" content=\"Verfasst von\" \/>\n\t<meta name=\"twitter:data1\" content=\"Christoph\" \/>\n\t<meta name=\"twitter:label2\" content=\"Gesch\u00e4tzte Lesezeit\" \/>\n\t<meta name=\"twitter:data2\" content=\"10 Minuten\" \/>\n<script type=\"application\/ld+json\" class=\"yoast-schema-graph\">{\"@context\":\"https:\/\/schema.org\",\"@graph\":[{\"@type\":\"WebPage\",\"@id\":\"https:\/\/www.onlineprinters.at\/magazin\/indesign-tabellen-erstellen\/\",\"url\":\"https:\/\/www.onlineprinters.at\/magazin\/indesign-tabellen-erstellen\/\",\"name\":\"In InDesign Tabellen erstellen: Tutorial inkl. Druckvorlagen f\u00fcr Kalender\",\"isPartOf\":{\"@id\":\"https:\/\/www.onlineprinters.at\/magazin\/#website\"},\"primaryImageOfPage\":{\"@id\":\"https:\/\/www.onlineprinters.at\/magazin\/indesign-tabellen-erstellen\/#primaryimage\"},\"image\":{\"@id\":\"https:\/\/www.onlineprinters.at\/magazin\/indesign-tabellen-erstellen\/#primaryimage\"},\"thumbnailUrl\":\"https:\/\/www.onlineprinters.at\/magazin\/wp-content\/uploads\/2020\/02\/Beitragsbild_Tabelle_Indesign_2022.jpg\",\"datePublished\":\"2021-08-02T07:00:18+00:00\",\"dateModified\":\"2025-04-28T14:54:45+00:00\",\"author\":{\"@id\":\"https:\/\/www.onlineprinters.at\/magazin\/#\/schema\/person\/8854bebf17d2d7bbae28395335c1bf9b\"},\"description\":\"In unserem Basics-Tutorial zeigen wir Ihnen, am Beispiel eines Tischkalenders, wie Sie in nur wenigen Schritten in InDesign Tabellen erstellen k\u00f6nnen.\",\"breadcrumb\":{\"@id\":\"https:\/\/www.onlineprinters.at\/magazin\/indesign-tabellen-erstellen\/#breadcrumb\"},\"inLanguage\":\"de-DE\",\"potentialAction\":[{\"@type\":\"ReadAction\",\"target\":[\"https:\/\/www.onlineprinters.at\/magazin\/indesign-tabellen-erstellen\/\"]}]},{\"@type\":\"ImageObject\",\"inLanguage\":\"de-DE\",\"@id\":\"https:\/\/www.onlineprinters.at\/magazin\/indesign-tabellen-erstellen\/#primaryimage\",\"url\":\"https:\/\/www.onlineprinters.at\/magazin\/wp-content\/uploads\/2020\/02\/Beitragsbild_Tabelle_Indesign_2022.jpg\",\"contentUrl\":\"https:\/\/www.onlineprinters.at\/magazin\/wp-content\/uploads\/2020\/02\/Beitragsbild_Tabelle_Indesign_2022.jpg\",\"width\":1280,\"height\":695},{\"@type\":\"BreadcrumbList\",\"@id\":\"https:\/\/www.onlineprinters.at\/magazin\/indesign-tabellen-erstellen\/#breadcrumb\",\"itemListElement\":[{\"@type\":\"ListItem\",\"position\":1,\"name\":\"Home\",\"item\":\"https:\/\/www.onlineprinters.at\/magazin\/\"},{\"@type\":\"ListItem\",\"position\":2,\"name\":\"InDesign-Tabellen erstellen \u2013 Basics Tutorial\"}]},{\"@type\":\"WebSite\",\"@id\":\"https:\/\/www.onlineprinters.at\/magazin\/#website\",\"url\":\"https:\/\/www.onlineprinters.at\/magazin\/\",\"name\":\"onlineprinters.at MAGAZIN\",\"description\":\"\",\"potentialAction\":[{\"@type\":\"SearchAction\",\"target\":{\"@type\":\"EntryPoint\",\"urlTemplate\":\"https:\/\/www.onlineprinters.at\/magazin\/?s={search_term_string}\"},\"query-input\":{\"@type\":\"PropertyValueSpecification\",\"valueRequired\":true,\"valueName\":\"search_term_string\"}}],\"inLanguage\":\"de-DE\"},{\"@type\":\"Person\",\"@id\":\"https:\/\/www.onlineprinters.at\/magazin\/#\/schema\/person\/8854bebf17d2d7bbae28395335c1bf9b\",\"name\":\"Christoph\",\"image\":{\"@type\":\"ImageObject\",\"inLanguage\":\"de-DE\",\"@id\":\"https:\/\/www.onlineprinters.at\/magazin\/#\/schema\/person\/image\/\",\"url\":\"https:\/\/www.onlineprinters.at\/magazin\/wp-content\/uploads\/2018\/05\/avatar.png\",\"contentUrl\":\"https:\/\/www.onlineprinters.at\/magazin\/wp-content\/uploads\/2018\/05\/avatar.png\",\"caption\":\"Christoph\"},\"url\":\"https:\/\/www.onlineprinters.at\/magazin\/author\/christoph\/\"}]}<\/script>\n<!-- \/ Yoast SEO plugin. -->","yoast_head_json":{"title":"In InDesign Tabellen erstellen: Tutorial inkl. Druckvorlagen f\u00fcr Kalender","description":"In unserem Basics-Tutorial zeigen wir Ihnen, am Beispiel eines Tischkalenders, wie Sie in nur wenigen Schritten in InDesign Tabellen erstellen k\u00f6nnen.","robots":{"index":"index","follow":"follow","max-snippet":"max-snippet:-1","max-image-preview":"max-image-preview:large","max-video-preview":"max-video-preview:-1"},"canonical":"https:\/\/www.onlineprinters.at\/magazin\/indesign-tabellen-erstellen\/","og_locale":"de_DE","og_type":"article","og_title":"InDesign-Tabellen erstellen \u2013 Basics Tutorial","og_description":"In unserem Basics-Tutorial zeigen wir Ihnen, am Beispiel eines Tischkalenders, wie Sie in nur wenigen Schritten in InDesign Tabellen erstellen k\u00f6nnen.","og_url":"https:\/\/www.onlineprinters.at\/magazin\/indesign-tabellen-erstellen\/","og_site_name":"onlineprinters.at MAGAZIN","article_published_time":"2021-08-02T07:00:18+00:00","article_modified_time":"2025-04-28T14:54:45+00:00","og_image":[{"width":1280,"height":695,"url":"https:\/\/www.onlineprinters.at\/magazin\/wp-content\/uploads\/2020\/02\/Beitragsbild_Tabelle_Indesign_2022.jpg","type":"image\/jpeg"}],"author":"Christoph","twitter_card":"summary_large_image","twitter_title":"InDesign-Tabellen erstellen \u2013 Basics Tutorial","twitter_misc":{"Verfasst von":"Christoph","Gesch\u00e4tzte Lesezeit":"10 Minuten"},"schema":{"@context":"https:\/\/schema.org","@graph":[{"@type":"WebPage","@id":"https:\/\/www.onlineprinters.at\/magazin\/indesign-tabellen-erstellen\/","url":"https:\/\/www.onlineprinters.at\/magazin\/indesign-tabellen-erstellen\/","name":"In InDesign Tabellen erstellen: Tutorial inkl. Druckvorlagen f\u00fcr Kalender","isPartOf":{"@id":"https:\/\/www.onlineprinters.at\/magazin\/#website"},"primaryImageOfPage":{"@id":"https:\/\/www.onlineprinters.at\/magazin\/indesign-tabellen-erstellen\/#primaryimage"},"image":{"@id":"https:\/\/www.onlineprinters.at\/magazin\/indesign-tabellen-erstellen\/#primaryimage"},"thumbnailUrl":"https:\/\/www.onlineprinters.at\/magazin\/wp-content\/uploads\/2020\/02\/Beitragsbild_Tabelle_Indesign_2022.jpg","datePublished":"2021-08-02T07:00:18+00:00","dateModified":"2025-04-28T14:54:45+00:00","author":{"@id":"https:\/\/www.onlineprinters.at\/magazin\/#\/schema\/person\/8854bebf17d2d7bbae28395335c1bf9b"},"description":"In unserem Basics-Tutorial zeigen wir Ihnen, am Beispiel eines Tischkalenders, wie Sie in nur wenigen Schritten in InDesign Tabellen erstellen k\u00f6nnen.","breadcrumb":{"@id":"https:\/\/www.onlineprinters.at\/magazin\/indesign-tabellen-erstellen\/#breadcrumb"},"inLanguage":"de-DE","potentialAction":[{"@type":"ReadAction","target":["https:\/\/www.onlineprinters.at\/magazin\/indesign-tabellen-erstellen\/"]}]},{"@type":"ImageObject","inLanguage":"de-DE","@id":"https:\/\/www.onlineprinters.at\/magazin\/indesign-tabellen-erstellen\/#primaryimage","url":"https:\/\/www.onlineprinters.at\/magazin\/wp-content\/uploads\/2020\/02\/Beitragsbild_Tabelle_Indesign_2022.jpg","contentUrl":"https:\/\/www.onlineprinters.at\/magazin\/wp-content\/uploads\/2020\/02\/Beitragsbild_Tabelle_Indesign_2022.jpg","width":1280,"height":695},{"@type":"BreadcrumbList","@id":"https:\/\/www.onlineprinters.at\/magazin\/indesign-tabellen-erstellen\/#breadcrumb","itemListElement":[{"@type":"ListItem","position":1,"name":"Home","item":"https:\/\/www.onlineprinters.at\/magazin\/"},{"@type":"ListItem","position":2,"name":"InDesign-Tabellen erstellen \u2013 Basics Tutorial"}]},{"@type":"WebSite","@id":"https:\/\/www.onlineprinters.at\/magazin\/#website","url":"https:\/\/www.onlineprinters.at\/magazin\/","name":"onlineprinters.at MAGAZIN","description":"","potentialAction":[{"@type":"SearchAction","target":{"@type":"EntryPoint","urlTemplate":"https:\/\/www.onlineprinters.at\/magazin\/?s={search_term_string}"},"query-input":{"@type":"PropertyValueSpecification","valueRequired":true,"valueName":"search_term_string"}}],"inLanguage":"de-DE"},{"@type":"Person","@id":"https:\/\/www.onlineprinters.at\/magazin\/#\/schema\/person\/8854bebf17d2d7bbae28395335c1bf9b","name":"Christoph","image":{"@type":"ImageObject","inLanguage":"de-DE","@id":"https:\/\/www.onlineprinters.at\/magazin\/#\/schema\/person\/image\/","url":"https:\/\/www.onlineprinters.at\/magazin\/wp-content\/uploads\/2018\/05\/avatar.png","contentUrl":"https:\/\/www.onlineprinters.at\/magazin\/wp-content\/uploads\/2018\/05\/avatar.png","caption":"Christoph"},"url":"https:\/\/www.onlineprinters.at\/magazin\/author\/christoph\/"}]}},"_links":{"self":[{"href":"https:\/\/www.onlineprinters.at\/magazin\/wp-json\/wp\/v2\/posts\/23494"}],"collection":[{"href":"https:\/\/www.onlineprinters.at\/magazin\/wp-json\/wp\/v2\/posts"}],"about":[{"href":"https:\/\/www.onlineprinters.at\/magazin\/wp-json\/wp\/v2\/types\/post"}],"author":[{"embeddable":true,"href":"https:\/\/www.onlineprinters.at\/magazin\/wp-json\/wp\/v2\/users\/46"}],"replies":[{"embeddable":true,"href":"https:\/\/www.onlineprinters.at\/magazin\/wp-json\/wp\/v2\/comments?post=23494"}],"version-history":[{"count":7,"href":"https:\/\/www.onlineprinters.at\/magazin\/wp-json\/wp\/v2\/posts\/23494\/revisions"}],"predecessor-version":[{"id":41520,"href":"https:\/\/www.onlineprinters.at\/magazin\/wp-json\/wp\/v2\/posts\/23494\/revisions\/41520"}],"wp:featuredmedia":[{"embeddable":true,"href":"https:\/\/www.onlineprinters.at\/magazin\/wp-json\/wp\/v2\/media\/33529"}],"wp:attachment":[{"href":"https:\/\/www.onlineprinters.at\/magazin\/wp-json\/wp\/v2\/media?parent=23494"}],"wp:term":[{"taxonomy":"category","embeddable":true,"href":"https:\/\/www.onlineprinters.at\/magazin\/wp-json\/wp\/v2\/categories?post=23494"},{"taxonomy":"post_tag","embeddable":true,"href":"https:\/\/www.onlineprinters.at\/magazin\/wp-json\/wp\/v2\/tags?post=23494"}],"curies":[{"name":"wp","href":"https:\/\/api.w.org\/{rel}","templated":true}]}}