{"id":32848,"date":"2021-03-23T08:45:29","date_gmt":"2021-03-23T07:45:29","guid":{"rendered":"https:\/\/www.onlineprinters.at\/magazin\/?p=32848"},"modified":"2025-04-28T16:54:47","modified_gmt":"2025-04-28T14:54:47","slug":"verpackung-selbst-gestalten","status":"publish","type":"post","link":"https:\/\/www.onlineprinters.at\/magazin\/verpackung-selbst-gestalten\/","title":{"rendered":"Ma\u00dfgeschneiderte Verpackung selbst gestalten \u2013 InDesign-Tutorial"},"content":{"rendered":"<span class=\"span-reading-time rt-reading-time\" style=\"display: block;\"><span class=\"rt-label rt-prefix\">Lesedauer<\/span> <span class=\"rt-time\"> 8<\/span> <span class=\"rt-label rt-postfix\">Minuten<\/span><\/span><p>Sie wollen eine Verpackung selbst gestalten? Am besten in den exakt passenden Ma\u00dfen Ihrer Produkte? ONLINEPRINTERS bietet neben Verpackungen in Standardgr\u00f6\u00dfen auch individuelle Verpackungen in frei konfigurierbaren Gr\u00f6\u00dfen an. In diesem Tutorial zeigen wir, wie Sie in InDesign Schritt f\u00fcr Schritt Ihre Verpackung selbst gestalten k\u00f6nnen und die Druckdaten exportieren.<!--more--><\/p>\n<p>Vielleicht waren Sie schon einmal in der Situation, in der Sie ein Produkt oder Geschenk verpacken wollten, aber die Verpackung selbst entweder zu klein oder viel zu gro\u00df war. Um diesem Problem Abhilfe zu schaffen, k\u00f6nnen Sie ab sofort im Onlineshop von <a href=\"https:\/\/www.onlineprinters.at\/\">ONLINEPRINTERS<\/a> ma\u00dfgeschneiderte Verpackungen selbst gestalten und drucken lassen. Was Sie daf\u00fcr brauchen? Ihr individuelles Design, die genauen Ma\u00dfe Ihres Produkts und eine passende Stanzvorlage. Die Erstellung der erforderlichen Stanzvorlage \u00fcbernimmt dabei der Onlineshop. So k\u00f6nnen Sie sich ganz auf das Design Ihrer Verpackung konzentrieren.<\/p>\n<p>Wir zeigen Ihnen in unserem Text- und <strong><a href=\"#videotutorial\">Videotutorial<\/a><\/strong>, wie Sie Ihre ma\u00dfgeschneiderte Verpackung selbst gestalten \u2013 von der Konfiguration im Onlineshop \u00fcber die Datenanlage sowie die Gestaltung bis hin zum Export der finalen Druckdaten.<\/p>\n<p><strong>Inhaltsverzeichnis<\/strong><\/p>\n<ul>\n<li><a href=\"https:\/\/www.onlineprinters.at\/magazin\/wp-content\/uploads\/2021\/03\/Bild_2-1.jpg\"><img loading=\"lazy\" decoding=\"async\" class=\"td-modal-image alignright wp-image-32850\" src=\"https:\/\/www.onlineprinters.at\/magazin\/wp-content\/uploads\/2021\/03\/Bild_2-1.jpg\" alt=\"Ein orangefarbenes rundes Symbol mit einem wei\u00dfen Bleistiftsymbol in der Mitte, das auf eine Bearbeitungs- oder Schreibfunktion hinweist \u2013 perfekt f\u00fcr alle, die ihre Verpackung selbst gestalten m\u00f6chten.\" width=\"90\" height=\"90\" \/><\/a><strong>Kapitel 1: <a href=\"#stanzform\">Stanzform generieren<\/a><\/strong>\n<ul>\n<li><a href=\"#masse\">Verpackungsma\u00dfe richtig eingeben<\/a><\/li>\n<li><a href=\"#vorteilestanzform\">Vorteile einer Stanzform<\/a><\/li>\n<li><a href=\"#download\">Standvorlage erstellen und herunterladen<\/a><\/li>\n<\/ul>\n<\/li>\n<li><strong><a href=\"https:\/\/www.onlineprinters.at\/magazin\/wp-content\/uploads\/2021\/03\/Bild_3-1.jpg\"><img loading=\"lazy\" decoding=\"async\" class=\"td-modal-image alignright wp-image-32851\" src=\"https:\/\/www.onlineprinters.at\/magazin\/wp-content\/uploads\/2021\/03\/Bild_3-1.jpg\" alt=\"Orangefarbener Kreis mit einem wei\u00dfen Quadrat darin, das die Kleinbuchstaben \u201eId\u201c enth\u00e4lt, perfekt f\u00fcr alle, die ihre Verpackung selbst gestalten m\u00f6chten.\" width=\"90\" height=\"90\" \/><\/a>Kapitel 2: <a href=\"#druckdateiindesign\">Druckdatei in InDesign anlegen <\/a><\/strong>\n<ul>\n<li><a href=\"#massedruckdatei\">Ma\u00dfe f\u00fcr die Druckdatei richtig ablesen<\/a><\/li>\n<li><a href=\"#importstanzvorlage\">Stanzvorlage in InDesign importieren<\/a><\/li>\n<li><a href=\"#hinweis\">Hinweis zur Stanzvorlage<\/a><\/li>\n<\/ul>\n<\/li>\n<\/ul>\n<ul>\n<li><strong><a href=\"https:\/\/www.onlineprinters.at\/magazin\/wp-content\/uploads\/2021\/03\/Bild_4-1.jpg\"><img loading=\"lazy\" decoding=\"async\" class=\"td-modal-image alignright wp-image-32852\" src=\"https:\/\/www.onlineprinters.at\/magazin\/wp-content\/uploads\/2021\/03\/Bild_4-1.jpg\" alt=\"Symbol eines wei\u00dfen Dokuments mit einem nach rechts zeigenden Pfeil, der Import oder Upload vor einem orangefarbenen, kreisf\u00f6rmigen Hintergrund empfiehlt. Ideal f\u00fcr alle, die ihre Verpackungen einfach und effizient gestalten m\u00f6chten.\" width=\"90\" height=\"90\" \/><\/a>Kapitel 3: <a href=\"#designimportieren\">Verpackungsdesign richtig importieren <\/a><\/strong>\n<ul>\n<li><a href=\"#detailsstanzvorlage\">Stanzvorlage richtig lesen und verstehen<\/a><\/li>\n<li><a href=\"#gestaltung\">Verpackung selbst gestalten und das Design importieren<\/a><\/li>\n<li><a href=\"#checkliste\"><strong>Checkliste:<\/strong> Verpackung selbst gestalten<\/a><\/li>\n<\/ul>\n<\/li>\n<li><strong><a href=\"https:\/\/www.onlineprinters.at\/magazin\/wp-content\/uploads\/2021\/03\/Bild_5-1.jpg\"><img loading=\"lazy\" decoding=\"async\" class=\"td-modal-image alignright wp-image-32853\" src=\"https:\/\/www.onlineprinters.at\/magazin\/wp-content\/uploads\/2021\/03\/Bild_5-1.jpg\" alt=\"In der Mitte eines orangefarbenen Kreises befindet sich ein wei\u00dfes Zahnradsymbol, das Einstellungen oder Optionen symbolisiert, \u00e4hnlich der anpassbaren Natur von \u201everpackung selbst gestalten\u201c.\" width=\"90\" height=\"90\" \/><\/a>Kapitel 4: <a href=\"#exportdruckdatei\">Finale Druckdatei exportieren <\/a><\/strong>\n<ul>\n<li><a href=\"#pdfvorgaben\">PDF-Vorgaben und Anschnitt<\/a><\/li>\n<li><a href=\"#farbprofil\">Farbprofil<\/a><\/li>\n<li><a href=\"#basicsdruckdaten\">Allgemeine Basics<\/a><\/li>\n<\/ul>\n<\/li>\n<\/ul>\n<h2><a name=\"videotutorial\"><\/a>Video-Tutorial<\/h2>\n<p><iframe loading=\"lazy\" src=\"https:\/\/www.youtube.com\/embed\/FKaU6CsRUGk\" width=\"560\" height=\"315\" frameborder=\"0\" allowfullscreen=\"allowfullscreen\"><\/iframe><\/p>\n<h2><a name=\"stanzform\"><\/a>Kapitel 1: Stanzform generieren<\/h2>\n<p><a href=\"https:\/\/www.onlineprinters.at\/magazin\/wp-content\/uploads\/2021\/03\/Bild_6-1.jpg\"><img loading=\"lazy\" decoding=\"async\" class=\"td-modal-image aligncenter wp-image-32854 size-large\" src=\"https:\/\/www.onlineprinters.at\/magazin\/wp-content\/uploads\/2021\/03\/Bild_6-1.jpg\" alt=\"Blaupause eines rechteckigen Schachtelausschnitts mit Faltlinien und Laschen, sorgf\u00e4ltig entworfen, damit Sie die Verpackung selbst gestalten k\u00f6nnen, flach auf einem hellgr\u00fcnen Hintergrund ausgelegt.\" width=\"696\" height=\"378\" \/><\/a>Um zu den ma\u00dfgeschneiderten Verpackungen zu gelangen, fahren Sie im Onlineshop von Onlineprinters \u00fcber dem Men\u00fcpunkt <a href=\"https:\/\/www.onlineprinters.at\/k\/verpackungen\">Verpackungen<\/a>. Auf der linken Seite finden Sie neben <a href=\"https:\/\/www.onlineprinters.at\/k\/verpackungen-in-standardmassen\">Verpackungen in Standardgr\u00f6\u00dfen<\/a> auch frei konfigurierbare <a href=\"https:\/\/www.onlineprinters.at\/k\/verpackungen-nach-mass\">Verpackungen in Wunschgr\u00f6\u00dfe<\/a> und eine Auswahl an verschiedenen Verpackungsarten. W\u00e4hlen Sie hier die Verpackung aus, die Ihrem Verwendungszweck am ehesten entspricht. In diesem Beispiel wird die <a href=\"https:\/\/www.onlineprinters.at\/p\/beutelschachteln-mit-steckboden\">Beutelschachtel mit Steckboden<\/a> verwendet.<\/p>\n<p><a href=\"https:\/\/www.onlineprinters.at\/magazin\/wp-content\/uploads\/2021\/03\/Bild_7-1.jpg\"><img loading=\"lazy\" decoding=\"async\" class=\"td-modal-image aligncenter size-large wp-image-32855\" src=\"https:\/\/www.onlineprinters.at\/magazin\/wp-content\/uploads\/2021\/03\/Bild_7-1.jpg\" alt=\"Ein Raster mit verschiedenen Verpackungsdesigns, jeweils mit einem Bild, das den \u00d6ffnungsmechanismus der Schachtel zeigt. Die Schachteln sind mit einem gr\u00fcn-wei\u00dfen geometrischen Muster versehen und laden zum \u201eVerpacken selbst gestalten\u201c ein, da jedes Design eine eigene deutsche Beschriftung tr\u00e4gt.\" width=\"696\" height=\"378\" srcset=\"https:\/\/www.onlineprinters.at\/magazin\/wp-content\/uploads\/2021\/03\/Bild_7-1.jpg 300w, https:\/\/www.onlineprinters.at\/magazin\/wp-content\/uploads\/2021\/03\/Bild_7-1.jpg 1024w, https:\/\/www.onlineprinters.at\/magazin\/wp-content\/uploads\/2021\/03\/Bild_7-1.jpg 768w, https:\/\/www.onlineprinters.at\/magazin\/wp-content\/uploads\/2021\/03\/Bild_7-1.jpg 696w, https:\/\/www.onlineprinters.at\/magazin\/wp-content\/uploads\/2021\/03\/Bild_7-1.jpg 1068w, https:\/\/www.onlineprinters.at\/magazin\/wp-content\/uploads\/2021\/03\/Bild_7-1.jpg 774w, https:\/\/www.onlineprinters.at\/magazin\/wp-content\/uploads\/2021\/03\/Bild_7-1.jpg 1280w\" sizes=\"(max-width: 696px) 100vw, 696px\" \/><\/a><\/p>\n<div class=\"custom-background-grey\">\n<p><strong>Praktisch:<\/strong> Ma\u00dfgeschneiderte Verpackungen k\u00f6nnen Sie bei ONLINEPRINTERS bedruckt und unbedruckt bestellen \u2013 je nachdem was Sie ben\u00f6tigen.<\/p>\n<\/div>\n<h3><a name=\"masse\"><\/a>Verpackungsma\u00dfe richtig eingeben<\/h3>\n<p>Wenn Sie nun auf der <strong>Produktseite<\/strong> unter <span class=\"guideline\">Format<\/span> auf <span class=\"guideline\">Bitte Format w\u00e4hlen<\/span> klicken, \u00f6ffnen sich drei Eingabefelder, anhand derer Sie die genauen Verpackungsma\u00dfe \u2013 L\u00e4nge, Breite und H\u00f6he \u2013 eingeben k\u00f6nnen. Da sich diese Ma\u00dfe jeweils auf die Innenseite der Verpackung beziehen, messen Sie einfach das zu verpackende Objekt ab und tragen Sie diese Werte in der Konfigurationsmaske ein.<\/p>\n<p><a href=\"https:\/\/www.onlineprinters.at\/magazin\/wp-content\/uploads\/2021\/03\/Bild_8-1.jpg\"><img loading=\"lazy\" decoding=\"async\" class=\"td-modal-image aligncenter size-large wp-image-32856\" src=\"https:\/\/www.onlineprinters.at\/magazin\/wp-content\/uploads\/2021\/03\/Bild_8-1.jpg\" alt=\"Verpackungsdesign-Oberfl\u00e4che f\u00fcr individuell anpassbare Seitenfaltenbeutel mit Einsteckboden. Bietet Layoutoptionen f\u00fcr die Abmessungen. Enth\u00e4lt eine Abbildung einer Musterbox mit geometrischem Muster und detaillierte Faltanleitungen f\u00fcr m\u00fcheloses Gestalten Ihrer Verpackungen.\" width=\"696\" height=\"378\" srcset=\"https:\/\/www.onlineprinters.at\/magazin\/wp-content\/uploads\/2021\/03\/Bild_8-1.jpg 300w, https:\/\/www.onlineprinters.at\/magazin\/wp-content\/uploads\/2021\/03\/Bild_8-1.jpg 1024w, https:\/\/www.onlineprinters.at\/magazin\/wp-content\/uploads\/2021\/03\/Bild_8-1.jpg 768w, https:\/\/www.onlineprinters.at\/magazin\/wp-content\/uploads\/2021\/03\/Bild_8-1.jpg 696w, https:\/\/www.onlineprinters.at\/magazin\/wp-content\/uploads\/2021\/03\/Bild_8-1.jpg 1068w, https:\/\/www.onlineprinters.at\/magazin\/wp-content\/uploads\/2021\/03\/Bild_8-1.jpg 774w, https:\/\/www.onlineprinters.at\/magazin\/wp-content\/uploads\/2021\/03\/Bild_8-1.jpg 1280w\" sizes=\"(max-width: 696px) 100vw, 696px\" \/><\/a>Achten Sie bei der Konfiguration Ihrer Verpackung auf die <strong>minimal und maximal m\u00f6glichen Seitenl\u00e4ngen<\/strong>. Diese sind unter den jeweiligen Eingabefeldern angegeben. So darf sich in unserem Beispiel die L\u00e4nge nur in einem Bereich von minimal 6 cm und maximal 24,5 cm bewegen. Sollten diese Ma\u00dfe nicht zu Ihrem Verwendungszweck passen, gehen Sie einen Schritt zur\u00fcck und w\u00e4hlen Sie eine andere Variante der ma\u00dfgeschneiderten Verpackung.<\/p>\n<div class=\"custom-background custom-background-donts\">\n<p><strong>Wichtiger Hinweis:<\/strong> Nicht nur die Minimal- und Maximalma\u00dfe sind wichtig, um die passende Verpackung zu bestellen. Da Verpackungen auf einen Druckbogen gedruckt werden, ist es m\u00f6glich, dass bestimmte Ma\u00dfe in Kombination nicht produziert werden k\u00f6nnen, da sie zu gro\u00df sind. Diese Ma\u00dfe sind individuell vom Produkt abh\u00e4ngig.<a href=\"https:\/\/www.onlineprinters.at\/magazin\/wp-content\/uploads\/2021\/03\/Bild_9-2.jpg\"><img loading=\"lazy\" decoding=\"async\" class=\"td-modal-image aligncenter size-large wp-image-32857\" src=\"https:\/\/www.onlineprinters.at\/magazin\/wp-content\/uploads\/2021\/03\/Bild_9-2.jpg\" alt=\"Das Bild zeigt eine Webseite zum Erstellen von \u201eVerpackung selbst gestalten\u201c mit ineinandergreifenden Sockeln. Es enth\u00e4lt ein Kastendiagramm, Felder zur Eingabe von Abmessungen und eine Warnung vor der \u00dcberschreitung der maximalen Abmessungen, hervorgehoben durch ein rotes Ausrufezeichen-Symbol.\" width=\"696\" height=\"378\" \/><\/a><\/p>\n<\/div>\n<h3><a name=\"vorteilestanzform\"><\/a>Wozu wird eine Stanzform ben\u00f6tigt?<\/h3>\n<p>In der Druckproduktion wird eine Stanzform dann ben\u00f6tigt, wenn die Form des Druckerzeugnisses vom klassischen Rechteck abweicht. So ist es auch bei den ma\u00dfgeschneiderten Verpackungen. Damit die Verpackung ihre finale Form erhalten kann, wird ein flachliegendes Muster ben\u00f6tigt, das mit Hilfe der Stanzform aus dem Druckbogen ausgestanzt wird.<\/p>\n<h3><a name=\"download\"><\/a>Standvorlage erstellen und herunterladen<\/h3>\n<p>In diesem Beispiel soll eine bedruckte Verpackung f\u00fcr eine Gin-Flasche entstehen. Die Ma\u00dfe 11 x 11 x 17 cm geben wir in die entsprechenden Eingabefelder im Onlineshop ein.<\/p>\n<p><a href=\"https:\/\/www.onlineprinters.at\/magazin\/wp-content\/uploads\/2021\/03\/Bild_10-2.jpg\"><img loading=\"lazy\" decoding=\"async\" class=\"td-modal-image aligncenter size-large wp-image-32858\" src=\"https:\/\/www.onlineprinters.at\/magazin\/wp-content\/uploads\/2021\/03\/Bild_10-2.jpg\" alt=\"Screenshot einer Webseite zum Thema Verpackungsdesign mit einer beutelf\u00f6rmigen Schachtel mit flachem Boden. Das Hauptbild zeigt eine hellgr\u00fcne, gemusterte Schachtel. Ma\u00dfe und Konstruktionsdiagramme sind vorhanden \u2013 ideal f\u00fcr alle, die selbst Verpackungen gestalten m\u00f6chten.\" width=\"696\" height=\"378\" \/><\/a><\/p>\n<p>W\u00e4hrend Sie die Ma\u00dfe Ihrer Verpackung in die jeweiligen Felder eingeben, sehen Sie in der darunter dargestellten <strong>Verpackungsvorschau<\/strong>, welche Seitenma\u00dfe Sie gerade definieren. Sobald Sie Ihre Ma\u00dfe festgelegt haben, k\u00f6nnen Sie die Auflage und das Material einstellen. Scrollen Sie im Anschluss etwas weiter runter und klicken Sie auf den Button <span class=\"guideline\">Druckvorlage erstellen<\/span>.<\/p>\n<p><a href=\"https:\/\/www.onlineprinters.at\/magazin\/wp-content\/uploads\/2021\/03\/Bild_11-2.jpg\"><img loading=\"lazy\" decoding=\"async\" class=\"td-modal-image aligncenter size-large wp-image-32859\" src=\"https:\/\/www.onlineprinters.at\/magazin\/wp-content\/uploads\/2021\/03\/Bild_11-2.jpg\" alt=\"Eine deutschsprachige Produktdetailseite f\u00fcr eine selbstgestaltbare Box mit anpassbaren Abmessungen und Design. Sie enth\u00e4lt Preise, Versanddetails und Optionen zum Drucken der Spezifikationen im PDF-Format. Links ist ein 3D-Boxdiagramm mit Achsen dargestellt.\" width=\"696\" height=\"378\" \/><\/a>Das System generiert entsprechend der eingegebenen Ma\u00dfe automatisch die ben\u00f6tigte Stanzform. Je nach Browser \u00f6ffnet sich die Vorlage automatisch. Wenn nicht, klicken Sie auf den Button <span class=\"guideline\">Druckvorlage herunterladen<\/span>. Sofern sich die Datei direkt im Browser \u00f6ffnet, klicken Sie oben rechts auf den kleinen Pfeil und speichern Sie die generierte Stanzform lokal auf Ihrem Computer.<\/p>\n<h2><a name=\"druckdateiindesign\"><\/a>Kapitel 2: Druckdatei in InDesign anlegen<\/h2>\n<p>Eine grundlegende Voraussetzung f\u00fcr eine fehlerfreie Produktion der Verpackung sind die Gr\u00f6\u00dfe der InDesign-Druckdatei. Legen Sie diese Datei daher genau so an, dass die generierte Stanzform vollst\u00e4ndig darauf passt.<\/p>\n<h3><a name=\"massedruckdatei\"><\/a>Ma\u00dfe f\u00fcr die Druckdatei richtig ablesen<\/h3>\n<p>Um diese Ma\u00dfe herauszufinden, \u00f6ffnen Sie das PDF der Stanzform mit Adobe Acrobat und <strong>fahren Sie mit der Maus in die linke untere Ecke.<\/strong> Daraufhin \u00f6ffnet sich ein kleines Feld, das Ihnen die exakten Ma\u00dfe des Dokuments anzeigt. In diesem Beispiel sind das 471 mm in der Breite und 498 mm in der H\u00f6he. Mit diesen Ma\u00dfen k\u00f6nnen Sie nun in InDesign Ihre Datei anlegen.<\/p>\n<p><a href=\"https:\/\/www.onlineprinters.at\/magazin\/wp-content\/uploads\/2021\/03\/Bild_12-2.jpg\"><img loading=\"lazy\" decoding=\"async\" class=\"td-modal-image aligncenter size-large wp-image-32860\" src=\"https:\/\/www.onlineprinters.at\/magazin\/wp-content\/uploads\/2021\/03\/Bild_12-2.jpg\" alt=\"Ein digitaler Entwurf einer Schachtelvorlage mit roten und gr\u00fcnen Faltlinien auf wei\u00dfem Hintergrund l\u00e4dt zum \u201eVerpackung selbst gestalten\u201c ein. In der rechten Seitenleiste werden verschiedene PDF-Tool-Optionen angezeigt. Ein orangefarbener Pfeil zeigt auf die Ma\u00dfangabe 471,45 mm.\" width=\"696\" height=\"378\" \/><\/a><\/p>\n<p>&nbsp;<\/p>\n<p>Erstellen Sie dazu ein neues Dokument in InDesign. Klicken Sie auf <span class=\"guideline\">Datei<\/span> &gt; <span class=\"guideline\">Neu<\/span> &gt; <span class=\"guideline\">Dokument<\/span>. Stellen Sie im sich \u00f6ffnenden Bedienfeld die Breite und H\u00f6he Ihrer Stanzvorlage ein. <strong>Entfernen Sie das H\u00e4kchen<\/strong> bei <span class=\"guideline\">Doppelseite<\/span>. Setzen Sie die Werte f\u00fcr <span class=\"guideline\">R\u00e4nder<\/span> und <span class=\"guideline\">Anschnitt<\/span> \u00fcberall <strong>auf 0<\/strong>. Klicken Sie dann auf den Button <span class=\"guideline\">Erstellen<\/span>.<\/p>\n<h3><a name=\"importstanzvorlage\"><\/a>Stanzvorlage in InDesign importieren<\/h3>\n<p>Um nun die Stanzform in Ihr Dokument zu importieren, ziehen Sie mit dem <span class=\"guideline\">Rechteckrahmen-Werkzeug<\/span> einen <strong>neuen Rahmen<\/strong> in der Gr\u00f6\u00dfe des gesamten Dokuments auf. Dr\u00fccken Sie anschlie\u00dfend die <strong>Tastenkombination<\/strong> <span class=\"guideline\">Strg + D<\/span> und w\u00e4hlen Sie die heruntergeladene Stanzform aus.<\/p>\n<p><a href=\"https:\/\/www.onlineprinters.at\/magazin\/wp-content\/uploads\/2021\/03\/Bild_13-2.jpg\"><img loading=\"lazy\" decoding=\"async\" class=\"td-modal-image aligncenter size-large wp-image-32861\" src=\"https:\/\/www.onlineprinters.at\/magazin\/wp-content\/uploads\/2021\/03\/Bild_13-2.jpg\" alt=\"Vorlage f\u00fcr ein Verpackungsdesign mit Falt- und Schnittlinien. Das rechteckige Layout zeigt verschiedene schr\u00e4ge und gerade Linien f\u00fcr die Montage, gezeichnet in Rot und Gr\u00fcn auf hellgrauem Hintergrund. Perfekt f\u00fcr alle, die Verpackungen mit Pr\u00e4zision und Stil selbst gestalten m\u00f6chten.\" width=\"696\" height=\"378\" \/><\/a>\u00d6ffnen Sie nun in InDesign das <span class=\"guideline\">Ebenenfenster<\/span> und benennen Sie die Ebene mit der Stanzform f\u00fcr eine bessere \u00dcbersicht um, beispielsweise in \u201eStanzform\u201c. Sperren Sie abschlie\u00dfend diese Ebene mit dem kleinen <span class=\"guideline\">Schloss-Symbol<\/span>.<\/p>\n<div class=\"custom-background custom-background-donts\">\n<p><strong><a name=\"hinweis\"><\/a>Hinweis:<\/strong> Ver\u00e4ndern Sie bitte unter keinen Umst\u00e4nden weder die Eigenschaften noch die Ma\u00dfe der Stanzvorlage. Nehmen Sie also keine Korrekturen an der heruntergeladenen Vorlage vor. Eventuelle Ver\u00e4nderungen an der Vorlage k\u00f6nnten im schlimmsten Fall zu einer fehlerhaft produzierten Verpackung f\u00fchren.<\/p>\n<\/div>\n<h2><a name=\"designimportieren\"><\/a>Kapitel 3: Verpackungsdesign richtig importieren<\/h2>\n<p>Bei der Gestaltung der Verpackung sind Sie weitestgehend frei. Damit es bei der Produktion alles klappt, ist es wichtig zu verstehen, wie die Verpackung selbst \u201efunktioniert\u201c. So k\u00f6nnen fehlerhafte oder auch unsch\u00f6ne Ergebnisse vermieden werden.<\/p>\n<h3><a name=\"detailsstanzvorlage\"><\/a>Stanzvorlage richtig lesen und verstehen<\/h3>\n<p>Die importierte Stanzvorlage beinhaltet mehrere Informationen, die anhand Linien in verschiedenen Farben gekennzeichnet sind. Sie setzt sich aus roten und gr\u00fcnen Pfaden zusammen. Die gr\u00fcnen Pfade stellen die <strong>Nut-Linien<\/strong> dar. An dieser Stelle wird die Verpackung sp\u00e4ter gefaltet.<\/p>\n<p><a href=\"https:\/\/www.onlineprinters.at\/magazin\/wp-content\/uploads\/2021\/03\/Bild_14.jpg\"><img loading=\"lazy\" decoding=\"async\" class=\"td-modal-image aligncenter size-large wp-image-32862\" src=\"https:\/\/www.onlineprinters.at\/magazin\/wp-content\/uploads\/2021\/03\/Bild_14-1024x556.jpg\" alt=\"Eine technische Zeichnung mit geometrischen Formen und Linien, haupts\u00e4chlich in Gr\u00fcn und Rot, die verschiedene Winkel und Ma\u00dfe darstellt. Das Design umfasst Dreiecke, Rechtecke und einen gekerbten Abschnitt oben in der Mitte, alles vor wei\u00dfem Hintergrund.\" width=\"696\" height=\"378\" \/><\/a><\/p>\n<p>Alle roten Pfade sind <strong>Stanzlinien<\/strong> und werden von der Maschine ausgestanzt. Das gilt sowohl f\u00fcr die \u00e4u\u00dfere Form als auch \u2013 je nach gew\u00e4hlter Verpackungsvariante \u2013 f\u00fcr Stellen innerhalb der Verpackung. In diesem Beispiel befindet sich auf der linken Seite ein kleiner roter Schlitz. Auch dieser wird sp\u00e4ter von der Maschine ausgestanzt damit die Verpackung dort verschlossen werden kann.<\/p>\n<p><a href=\"https:\/\/www.onlineprinters.at\/magazin\/wp-content\/uploads\/2021\/03\/Bild_15.jpg\"><img loading=\"lazy\" decoding=\"async\" class=\"td-modal-image aligncenter size-large wp-image-32863\" src=\"https:\/\/www.onlineprinters.at\/magazin\/wp-content\/uploads\/2021\/03\/Bild_15-1024x556.jpg\" alt=\"Eine technische Zeichnung mit bunten Linien, darunter Rot, Gr\u00fcn und Orange, stellt m\u00f6glicherweise architektonische oder strukturelle Elemente dar. Links ist ein graues Feld mit Werkzeugsymbolen teilweise sichtbar, was auf die Benutzeroberfl\u00e4che einer Designsoftware hindeutet.\" width=\"696\" height=\"378\" \/><\/a><\/p>\n<p>Ein weiteres wichtiges Element der Verpackung sind die <strong>Klebefl\u00e4chen<\/strong> \u2013 in der Stanzvorlage werden diese mit braunen querverlaufenden Linien angezeigt. An diesen Stellen wird sp\u00e4ter der Klebstoff aufgetragen, um die Verpackung zu verschlie\u00dfen. In diesem Beispiel der Faltschachtel mit Steckboden liegen die Klebefl\u00e4chen auf der linken Seite.<\/p>\n<div class=\"custom-background custom-background-dos\">\n<p>Als Klebefl\u00e4chen markierte Bereiche m\u00fcssen von der Gestaltung unbedingt ausgenommen werden und frei bleiben. Wird auf diese Stellen zuvor Farbe gedruckt, h\u00e4lt der Klebstoff nicht.<\/p>\n<\/div>\n<p>Beachten Sie au\u00dferdem die <strong>Bodenfl\u00e4che<\/strong> der ma\u00dfgeschneiderten Verpackung. Diese Fl\u00e4chen werden sp\u00e4ter zusammengesteckt. Da die Verpackung in der Regel aufrecht steht, macht es keinen Sinn, hier aufw\u00e4ndige grafische Elemente oder wichtige Informationen zu platzieren. Um unsch\u00f6ne Blitzer zu vermeiden, k\u00f6nnen Sie diese Fl\u00e4chen mit einer einheitlichen Farbe f\u00fcllen.<\/p>\n<h3><a name=\"gestaltung\"><\/a>Verpackung selbst gestalten und das Design importieren<\/h3>\n<p>Ob Sie Ihr Design in die Druckvorlage importieren oder direkt in InDesign Ihre Verpackung selbst gestalten, das bleibt Ihnen \u00fcberlassen. In unserem Beispiel verwenden wir f\u00fcr die Gin-Flasche ein Motiv, das wir im Vorfeld in Illustrator angelegt haben.<\/p>\n<p>F\u00fcr den Import eines Designs erstellen Sie in InDesign zun\u00e4chst im <span class=\"guideline\">Ebenenfenster<\/span> eine <span class=\"guideline\">neue Ebene<\/span> und benennen Sie etwa in \u201eDesign\u201c um. F\u00fcr die Gin-Verpackung haben wir in Illustrator den Hintergrund in exakt den Ma\u00dfen angelegt, die auch die Stanzvorlage hat. Daher kann dieser einfach mit der <strong>Tastenkombination<\/strong> <span class=\"guideline\">Strg + C<\/span> aus Illustrator kopiert und mit <span class=\"guideline\">Strg + V<\/span> in die Druckvorlage in InDesign eingef\u00fcgt werden.<\/p>\n<p><a href=\"https:\/\/www.onlineprinters.at\/magazin\/wp-content\/uploads\/2021\/03\/Bild_16.jpg\"><img loading=\"lazy\" decoding=\"async\" class=\"td-modal-image aligncenter size-large wp-image-32864\" src=\"https:\/\/www.onlineprinters.at\/magazin\/wp-content\/uploads\/2021\/03\/Bild_16-1024x556.jpg\" alt=\"Screenshot einer Grafikdesign-Software mit einer Vorlage f\u00fcr ein Box-Design. Das Layout verf\u00fcgt \u00fcber blaue Farbverl\u00e4ufe, Hilfslinien und Umrisse zum Schneiden und Falten. Verschiedene Symbolleisten und Bedienfelder umgeben den Hauptarbeitsbereich.\" width=\"696\" height=\"378\" \/><\/a>Da der Hintergrund nur aus horizontalen Linien besteht, kann die linke Seite etwas zusammengezogen werden, so dass die Klebefl\u00e4chen freiliegen. Da das Design in den gleichen Ma\u00dfen wie die Stanzform angelegt wurde, ist zudem sichergestellt, dass die <strong>Beschnittzugabe von 3 mm<\/strong> an allen Seiten vorhanden ist. Abschlie\u00dfend wird noch das Etikett sowohl auf der Vorderseite als auch auf der R\u00fcckseite der Verpackung eingef\u00fcgt.<\/p>\n<h3><a href=\"https:\/\/www.onlineprinters.at\/magazin\/wp-content\/uploads\/2021\/03\/Bild_17.jpg\"><img loading=\"lazy\" decoding=\"async\" class=\"td-modal-image aligncenter size-large wp-image-32865\" src=\"https:\/\/www.onlineprinters.at\/magazin\/wp-content\/uploads\/2021\/03\/Bild_17-1024x556.jpg\" alt=\"Blaues Farbverlaufsdesign mit zwei zentrierten wei\u00dfen Rechtecken mit der Aufschrift \u201eOriginal Gin\u201c und darunter dem Text \u201eHand Blended\u201c. Rote und gr\u00fcne Linien durchschneiden das Design. Die unteren Bereiche wechseln von Blau zu Beige.\" width=\"696\" height=\"378\" \/><\/a><br \/>\n<a name=\"checkliste\"><\/a>Checkliste: Verpackung selbst gestalten<\/h3>\n<p>Nutzen Sie unsere kleine Checkliste um sicherzugehen, dass Sie alle Vorkehrungen f\u00fcr eine fehlerfreie Produktion getroffen haben:<\/p>\n<ul>\n<li>Das Dokument hat die exakte Gr\u00f6\u00dfe der aus dem Onlineshop heruntergeladenen Druckvorlage<\/li>\n<li>Die Stanzform befindet sich unver\u00e4ndert im Druckdokument<\/li>\n<li>Das Design der Verpackung hat rundherum eine Beschnittzugabe von 3 mm<\/li>\n<li>Die Klebefl\u00e4chen liegen frei und sind von der Gestaltung ausgenommen<\/li>\n<\/ul>\n<p>Wenn Sie diese Punkte abhaken, k\u00f6nnen Sie die finale Druckdatei exportieren.<\/p>\n<h2><a name=\"exportdruckdatei\"><\/a>Kapitel 4: Finale Druckdatei exportieren<\/h2>\n<p>Um die finale Druckdatei zu exportieren klicken Sie in InDesign auf <span class=\"guideline\">Datei<\/span> &gt; <span class=\"guideline\">Exportieren<\/span>. W\u00e4hlen Sie einen geeigneten <strong>Speicherort<\/strong> und geben Sie Ihrer Verpackung einen <strong>Dateinamen<\/strong>, zum Beispiel \u201eOnlineprinters Verpackung\u201c. Klicken Sie anschlie\u00dfend auf <span class=\"guideline\">Speichern<\/span>.<\/p>\n<h3><a name=\"pdfvorgaben\"><\/a>PDF-Vorgaben und Anschitt<\/h3>\n<p><a href=\"https:\/\/www.onlineprinters.at\/magazin\/wp-content\/uploads\/2021\/03\/Bild_18.jpg\"><img loading=\"lazy\" decoding=\"async\" class=\"td-modal-image aligncenter size-large wp-image-32866\" src=\"https:\/\/www.onlineprinters.at\/magazin\/wp-content\/uploads\/2021\/03\/Bild_18-1024x556.jpg\" alt=\"Screenshot des Dialogfelds \u201eAdobe PDF exportieren\u201c in der Adobe-Software. Es zeigt verschiedene Einstellungen wie Kompatibilit\u00e4t, Layout und Darstellungsoptionen f\u00fcr den PDF-Export. Der Hintergrund zeigt einen Teil einer Grafikdesign-Oberfl\u00e4che.\" width=\"696\" height=\"378\" \/><\/a>Im folgenden Bedienfeld w\u00e4hlen Sie zun\u00e4chst als Adobe <strong>PDF-Vorgabe<\/strong> den <span class=\"guideline\">Qualitativ hochwertigen Druck<\/span> aus. Stellen Sie anschlie\u00dfend den <strong>Standard<\/strong> auf <span class=\"guideline\">PDF-X4\/2010<\/span>.<\/p>\n<p><a href=\"https:\/\/www.onlineprinters.at\/magazin\/wp-content\/uploads\/2021\/03\/Bild_19.jpg\"><img loading=\"lazy\" decoding=\"async\" class=\"td-modal-image aligncenter size-large wp-image-32867\" src=\"https:\/\/www.onlineprinters.at\/magazin\/wp-content\/uploads\/2021\/03\/Bild_19-1024x556.jpg\" alt=\"Screenshot der Adobe PDF-Exporteinstellungen mit Optionen f\u00fcr Marken und Anschnitte. Der Dialog enth\u00e4lt Kontrollk\u00e4stchen f\u00fcr Schnittmarken, Passermarken, Farbbalken und Seiteninformationen. Es gibt au\u00dferdem Einstellungen f\u00fcr den Randversatz und eine Schaltfl\u00e4che \u201eExportieren\u201c.\" width=\"696\" height=\"378\" \/><\/a>Unter dem Men\u00fcpunkt <span class=\"guideline\">Marken und Anschnitt<\/span> k\u00f6nnen Sie <strong>alle H\u00e4kchen entfernen<\/strong>. Auch den <span class=\"guideline\">Anschnitt<\/span> k\u00f6nnen Sie hier <strong>auf 0 setzen<\/strong>.<\/p>\n<h3><a name=\"farbprofil\"><\/a>Verpackung selbst gestalten <strong>\u2013<\/strong> mit dem richtigen Farbprofil<\/h3>\n<p><a href=\"https:\/\/www.onlineprinters.at\/magazin\/wp-content\/uploads\/2021\/03\/Bild_20.jpg\"><img loading=\"lazy\" decoding=\"async\" class=\"td-modal-image aligncenter size-large wp-image-32868\" src=\"https:\/\/www.onlineprinters.at\/magazin\/wp-content\/uploads\/2021\/03\/Bild_20.jpg\" alt=\"Screenshot des Einstellungsfensters f\u00fcr den Adobe PDF-Export. Es zeigt Optionen f\u00fcr Ausgabeart, Farbkonvertierung und Zielprofil. Wenn Sie Ihr Projekt mit \u201everpackung selbst gestalten\u201c verbessern m\u00f6chten, finden Sie unten praktische Schaltfl\u00e4chen zum Speichern, Exportieren und Abbrechen.\" width=\"696\" height=\"378\" \/><\/a>Unter dem Men\u00fcpunkt <span class=\"guideline\">Ausgabe<\/span> w\u00e4hlen Sie als <strong>Farbkonvertierung<\/strong> <span class=\"guideline\">In Zielprofil konvertieren (Werte beibehalten)<\/span>. Als Ziel w\u00e4hlen Sie das <span class=\"guideline\">Farbprofil<\/span> <strong>PSO Coated v3<\/strong>. Dieses Farbprofil ist <em>standardm\u00e4\u00dfig nicht installiert<\/em>, aber Sie k\u00f6nnen es <a href=\"http:\/\/www.color.org\/index.xalter\">hier<\/a> herunterladen, installieren und anschlie\u00dfend in InDesign ausw\u00e4hlen.<\/p>\n<h3><a name=\"basicsdruckdaten\"><\/a>Allgemeine Basics: Druckvoreinstellungen bei ONLINEPRINTERS<\/h3>\n<p>Bitte beachten Sie folgende Grundlagen bei der Gestaltung Ihrer Verpackung:<\/p>\n<ul>\n<li>Die Aufl\u00f6sung von Bildern und Grafiken sollte mindestens 300 dpi bei Originalbildgr\u00f6\u00dfe betragen<\/li>\n<li>Beachten Sie eine Beschnittzugabe Ihres Designs von umlaufend 3 mm<\/li>\n<li>Legen Sie wichtige Informationen mit einem Mindestabstand von 4 mm zum Endformat an<\/li>\n<li>Achten Sie darauf, dass Schriften vollst\u00e4ndig eingebettet oder in Kurven konvertiert sind<\/li>\n<li>Das Druckmotiv muss an der Innenkante der Klebelasche 3 mm hineinragen (\u00dcberf\u00fcllung), der Rest der Klebelasche muss unbedruckt bleiben<\/li>\n<li>Legen Sie schwarze Elemente nur mit 100 % Schwarz an; dies gilt beispielsweise f\u00fcr Barcodes wie EAN, QR-Codes, Texte usw.<\/li>\n<\/ul>\n<p>Weitere Details zu den spezifischen Vorgaben finden Sie im <a href=\"https:\/\/www.onlineprinters.at\/c\/druckdaten\">Hilfecenter<\/a> von ONLINEPRINTERS.<\/p>\n<div class=\"custom-background custom-background-dos\">\n<p><strong>Tipp:<\/strong> Wie Sie ein Farbprofil installieren, erfahren Sie in unserem Artikel <a href=\"https:\/\/www.onlineprinters.at\/magazin\/farbprofil-installieren-indesign-photoshop\/\">Warum Sie Farbprofile nutzen sollten \u2013 und wie Sie diese korrekt installieren<\/a>.<\/p>\n<\/div>\n<p><a href=\"https:\/\/www.onlineprinters.at\/magazin\/wp-content\/uploads\/2021\/03\/Bild_21.jpg\"><img loading=\"lazy\" decoding=\"async\" class=\"td-modal-image aligncenter size-large wp-image-32869\" src=\"https:\/\/www.onlineprinters.at\/magazin\/wp-content\/uploads\/2021\/03\/Bild_21-1024x556.jpg\" alt=\"Farbverlaufsbild mit einem \u00dcbergang von Dunkelblau oben zu Hellbeige unten, der an eine Meereslandschaft erinnert. Zwei wei\u00dfe Quadrate in der Mitte zeigen den Text \u201eOCEAN ON\u201c und \u201eSecond Edition\u201c.\" width=\"696\" height=\"378\" \/><\/a><\/p>\n<p>Klicken Sie zum Abschluss auf <span class=\"guideline\">Exportieren<\/span>. Damit wird Ihre finale Druckdatei exportiert, die Sie nach dem Abschluss Ihrer Bestellung bei <a href=\"https:\/\/www.onlineprinters.at\/\">ONLINEPRINTERS<\/a> hochladen k\u00f6nnen. Die Verpackung wird dann gem\u00e4\u00df Ihren Vorgaben ma\u00dfgeschneidert produziert.<\/p>\n<div class=\"custom-background-grey\">\n<p><strong>Credits:<\/strong> Es gestaltet und spricht der Mediengestalter Christoph Ullrich.<\/p>\n<\/div>\n","protected":false},"excerpt":{"rendered":"<p><span class=\"span-reading-time rt-reading-time\" style=\"display: block;\"><span class=\"rt-label rt-prefix\">Lesedauer<\/span> <span class=\"rt-time\"> 8<\/span> <span class=\"rt-label rt-postfix\">Minuten<\/span><\/span>Sie ben\u00f6tigen hochwertige Verpackungen in individuellen Gr\u00f6\u00dfen? Wir zeigen, wie Sie in InDesign Ihre Verpackung selbst gestalten und die Druckdaten richtig anlegen.<\/p>\n","protected":false},"author":46,"featured_media":32857,"comment_status":"open","ping_status":"open","sticky":false,"template":"","format":"standard","meta":{"footnotes":""},"categories":[200,18,30,23],"tags":[],"yoast_head":"<!-- This site is optimized with the Yoast SEO plugin v24.5 - https:\/\/yoast.com\/wordpress\/plugins\/seo\/ -->\n<title>Verpackung selbst gestalten \u2013 InDesign-Tutorial: So einfach geht&#039;s!<\/title>\n<meta name=\"description\" content=\"In diesem Tutorial zeigen wir, wie Sie anhand einer Stanzform eine Verpackung selbst gestalten und die Druckdaten richtig anlegen.\" \/>\n<meta name=\"robots\" content=\"index, follow, max-snippet:-1, max-image-preview:large, max-video-preview:-1\" \/>\n<link rel=\"canonical\" href=\"https:\/\/www.onlineprinters.at\/magazin\/verpackung-selbst-gestalten\/\" \/>\n<meta property=\"og:locale\" content=\"de_DE\" \/>\n<meta property=\"og:type\" content=\"article\" \/>\n<meta property=\"og:title\" content=\"Ma\u00dfgeschneiderte Verpackung selbst gestalten \u2013 InDesign-Tutorial\" \/>\n<meta property=\"og:description\" content=\"In diesem Tutorial zeigen wir, wie Sie anhand einer Stanzform eine Verpackung selbst gestalten und die Druckdaten richtig anlegen.\" \/>\n<meta property=\"og:url\" content=\"https:\/\/www.onlineprinters.at\/magazin\/verpackung-selbst-gestalten\/\" \/>\n<meta property=\"og:site_name\" content=\"onlineprinters.at MAGAZIN\" \/>\n<meta property=\"article:published_time\" content=\"2021-03-23T07:45:29+00:00\" \/>\n<meta property=\"article:modified_time\" content=\"2025-04-28T14:54:47+00:00\" \/>\n<meta property=\"og:image\" content=\"https:\/\/www.onlineprinters.at\/magazin\/wp-content\/uploads\/2021\/03\/Bild_1-2.jpg\" \/>\n\t<meta property=\"og:image:width\" content=\"1280\" \/>\n\t<meta property=\"og:image:height\" content=\"695\" \/>\n\t<meta property=\"og:image:type\" content=\"image\/jpeg\" \/>\n<meta name=\"author\" content=\"Christoph\" \/>\n<meta name=\"twitter:card\" content=\"summary_large_image\" \/>\n<meta name=\"twitter:title\" content=\"Ma\u00dfgeschneiderte Verpackung selbst gestalten \u2013 InDesign-Tutorial\" \/>\n<meta name=\"twitter:label1\" content=\"Verfasst von\" \/>\n\t<meta name=\"twitter:data1\" content=\"Christoph\" \/>\n\t<meta name=\"twitter:label2\" content=\"Gesch\u00e4tzte Lesezeit\" \/>\n\t<meta name=\"twitter:data2\" content=\"12 Minuten\" \/>\n<script type=\"application\/ld+json\" class=\"yoast-schema-graph\">{\"@context\":\"https:\/\/schema.org\",\"@graph\":[{\"@type\":\"WebPage\",\"@id\":\"https:\/\/www.onlineprinters.at\/magazin\/verpackung-selbst-gestalten\/\",\"url\":\"https:\/\/www.onlineprinters.at\/magazin\/verpackung-selbst-gestalten\/\",\"name\":\"Verpackung selbst gestalten \u2013 InDesign-Tutorial: So einfach geht's!\",\"isPartOf\":{\"@id\":\"https:\/\/www.onlineprinters.at\/magazin\/#website\"},\"primaryImageOfPage\":{\"@id\":\"https:\/\/www.onlineprinters.at\/magazin\/verpackung-selbst-gestalten\/#primaryimage\"},\"image\":{\"@id\":\"https:\/\/www.onlineprinters.at\/magazin\/verpackung-selbst-gestalten\/#primaryimage\"},\"thumbnailUrl\":\"https:\/\/www.onlineprinters.at\/magazin\/wp-content\/uploads\/2021\/03\/Bild_1-2.jpg\",\"datePublished\":\"2021-03-23T07:45:29+00:00\",\"dateModified\":\"2025-04-28T14:54:47+00:00\",\"author\":{\"@id\":\"https:\/\/www.onlineprinters.at\/magazin\/#\/schema\/person\/8854bebf17d2d7bbae28395335c1bf9b\"},\"description\":\"In diesem Tutorial zeigen wir, wie Sie anhand einer Stanzform eine Verpackung selbst gestalten und die Druckdaten richtig anlegen.\",\"breadcrumb\":{\"@id\":\"https:\/\/www.onlineprinters.at\/magazin\/verpackung-selbst-gestalten\/#breadcrumb\"},\"inLanguage\":\"de-DE\",\"potentialAction\":[{\"@type\":\"ReadAction\",\"target\":[\"https:\/\/www.onlineprinters.at\/magazin\/verpackung-selbst-gestalten\/\"]}]},{\"@type\":\"ImageObject\",\"inLanguage\":\"de-DE\",\"@id\":\"https:\/\/www.onlineprinters.at\/magazin\/verpackung-selbst-gestalten\/#primaryimage\",\"url\":\"https:\/\/www.onlineprinters.at\/magazin\/wp-content\/uploads\/2021\/03\/Bild_1-2.jpg\",\"contentUrl\":\"https:\/\/www.onlineprinters.at\/magazin\/wp-content\/uploads\/2021\/03\/Bild_1-2.jpg\",\"width\":1280,\"height\":695},{\"@type\":\"BreadcrumbList\",\"@id\":\"https:\/\/www.onlineprinters.at\/magazin\/verpackung-selbst-gestalten\/#breadcrumb\",\"itemListElement\":[{\"@type\":\"ListItem\",\"position\":1,\"name\":\"Home\",\"item\":\"https:\/\/www.onlineprinters.at\/magazin\/\"},{\"@type\":\"ListItem\",\"position\":2,\"name\":\"Ma\u00dfgeschneiderte Verpackung selbst gestalten \u2013 InDesign-Tutorial\"}]},{\"@type\":\"WebSite\",\"@id\":\"https:\/\/www.onlineprinters.at\/magazin\/#website\",\"url\":\"https:\/\/www.onlineprinters.at\/magazin\/\",\"name\":\"onlineprinters.at MAGAZIN\",\"description\":\"\",\"potentialAction\":[{\"@type\":\"SearchAction\",\"target\":{\"@type\":\"EntryPoint\",\"urlTemplate\":\"https:\/\/www.onlineprinters.at\/magazin\/?s={search_term_string}\"},\"query-input\":{\"@type\":\"PropertyValueSpecification\",\"valueRequired\":true,\"valueName\":\"search_term_string\"}}],\"inLanguage\":\"de-DE\"},{\"@type\":\"Person\",\"@id\":\"https:\/\/www.onlineprinters.at\/magazin\/#\/schema\/person\/8854bebf17d2d7bbae28395335c1bf9b\",\"name\":\"Christoph\",\"image\":{\"@type\":\"ImageObject\",\"inLanguage\":\"de-DE\",\"@id\":\"https:\/\/www.onlineprinters.at\/magazin\/#\/schema\/person\/image\/\",\"url\":\"https:\/\/www.onlineprinters.at\/magazin\/wp-content\/uploads\/2018\/05\/avatar.png\",\"contentUrl\":\"https:\/\/www.onlineprinters.at\/magazin\/wp-content\/uploads\/2018\/05\/avatar.png\",\"caption\":\"Christoph\"},\"url\":\"https:\/\/www.onlineprinters.at\/magazin\/author\/christoph\/\"}]}<\/script>\n<!-- \/ Yoast SEO plugin. -->","yoast_head_json":{"title":"Verpackung selbst gestalten \u2013 InDesign-Tutorial: So einfach geht's!","description":"In diesem Tutorial zeigen wir, wie Sie anhand einer Stanzform eine Verpackung selbst gestalten und die Druckdaten richtig anlegen.","robots":{"index":"index","follow":"follow","max-snippet":"max-snippet:-1","max-image-preview":"max-image-preview:large","max-video-preview":"max-video-preview:-1"},"canonical":"https:\/\/www.onlineprinters.at\/magazin\/verpackung-selbst-gestalten\/","og_locale":"de_DE","og_type":"article","og_title":"Ma\u00dfgeschneiderte Verpackung selbst gestalten \u2013 InDesign-Tutorial","og_description":"In diesem Tutorial zeigen wir, wie Sie anhand einer Stanzform eine Verpackung selbst gestalten und die Druckdaten richtig anlegen.","og_url":"https:\/\/www.onlineprinters.at\/magazin\/verpackung-selbst-gestalten\/","og_site_name":"onlineprinters.at MAGAZIN","article_published_time":"2021-03-23T07:45:29+00:00","article_modified_time":"2025-04-28T14:54:47+00:00","og_image":[{"width":1280,"height":695,"url":"https:\/\/www.onlineprinters.at\/magazin\/wp-content\/uploads\/2021\/03\/Bild_1-2.jpg","type":"image\/jpeg"}],"author":"Christoph","twitter_card":"summary_large_image","twitter_title":"Ma\u00dfgeschneiderte Verpackung selbst gestalten \u2013 InDesign-Tutorial","twitter_misc":{"Verfasst von":"Christoph","Gesch\u00e4tzte Lesezeit":"12 Minuten"},"schema":{"@context":"https:\/\/schema.org","@graph":[{"@type":"WebPage","@id":"https:\/\/www.onlineprinters.at\/magazin\/verpackung-selbst-gestalten\/","url":"https:\/\/www.onlineprinters.at\/magazin\/verpackung-selbst-gestalten\/","name":"Verpackung selbst gestalten \u2013 InDesign-Tutorial: So einfach geht's!","isPartOf":{"@id":"https:\/\/www.onlineprinters.at\/magazin\/#website"},"primaryImageOfPage":{"@id":"https:\/\/www.onlineprinters.at\/magazin\/verpackung-selbst-gestalten\/#primaryimage"},"image":{"@id":"https:\/\/www.onlineprinters.at\/magazin\/verpackung-selbst-gestalten\/#primaryimage"},"thumbnailUrl":"https:\/\/www.onlineprinters.at\/magazin\/wp-content\/uploads\/2021\/03\/Bild_1-2.jpg","datePublished":"2021-03-23T07:45:29+00:00","dateModified":"2025-04-28T14:54:47+00:00","author":{"@id":"https:\/\/www.onlineprinters.at\/magazin\/#\/schema\/person\/8854bebf17d2d7bbae28395335c1bf9b"},"description":"In diesem Tutorial zeigen wir, wie Sie anhand einer Stanzform eine Verpackung selbst gestalten und die Druckdaten richtig anlegen.","breadcrumb":{"@id":"https:\/\/www.onlineprinters.at\/magazin\/verpackung-selbst-gestalten\/#breadcrumb"},"inLanguage":"de-DE","potentialAction":[{"@type":"ReadAction","target":["https:\/\/www.onlineprinters.at\/magazin\/verpackung-selbst-gestalten\/"]}]},{"@type":"ImageObject","inLanguage":"de-DE","@id":"https:\/\/www.onlineprinters.at\/magazin\/verpackung-selbst-gestalten\/#primaryimage","url":"https:\/\/www.onlineprinters.at\/magazin\/wp-content\/uploads\/2021\/03\/Bild_1-2.jpg","contentUrl":"https:\/\/www.onlineprinters.at\/magazin\/wp-content\/uploads\/2021\/03\/Bild_1-2.jpg","width":1280,"height":695},{"@type":"BreadcrumbList","@id":"https:\/\/www.onlineprinters.at\/magazin\/verpackung-selbst-gestalten\/#breadcrumb","itemListElement":[{"@type":"ListItem","position":1,"name":"Home","item":"https:\/\/www.onlineprinters.at\/magazin\/"},{"@type":"ListItem","position":2,"name":"Ma\u00dfgeschneiderte Verpackung selbst gestalten \u2013 InDesign-Tutorial"}]},{"@type":"WebSite","@id":"https:\/\/www.onlineprinters.at\/magazin\/#website","url":"https:\/\/www.onlineprinters.at\/magazin\/","name":"onlineprinters.at MAGAZIN","description":"","potentialAction":[{"@type":"SearchAction","target":{"@type":"EntryPoint","urlTemplate":"https:\/\/www.onlineprinters.at\/magazin\/?s={search_term_string}"},"query-input":{"@type":"PropertyValueSpecification","valueRequired":true,"valueName":"search_term_string"}}],"inLanguage":"de-DE"},{"@type":"Person","@id":"https:\/\/www.onlineprinters.at\/magazin\/#\/schema\/person\/8854bebf17d2d7bbae28395335c1bf9b","name":"Christoph","image":{"@type":"ImageObject","inLanguage":"de-DE","@id":"https:\/\/www.onlineprinters.at\/magazin\/#\/schema\/person\/image\/","url":"https:\/\/www.onlineprinters.at\/magazin\/wp-content\/uploads\/2018\/05\/avatar.png","contentUrl":"https:\/\/www.onlineprinters.at\/magazin\/wp-content\/uploads\/2018\/05\/avatar.png","caption":"Christoph"},"url":"https:\/\/www.onlineprinters.at\/magazin\/author\/christoph\/"}]}},"_links":{"self":[{"href":"https:\/\/www.onlineprinters.at\/magazin\/wp-json\/wp\/v2\/posts\/32848"}],"collection":[{"href":"https:\/\/www.onlineprinters.at\/magazin\/wp-json\/wp\/v2\/posts"}],"about":[{"href":"https:\/\/www.onlineprinters.at\/magazin\/wp-json\/wp\/v2\/types\/post"}],"author":[{"embeddable":true,"href":"https:\/\/www.onlineprinters.at\/magazin\/wp-json\/wp\/v2\/users\/46"}],"replies":[{"embeddable":true,"href":"https:\/\/www.onlineprinters.at\/magazin\/wp-json\/wp\/v2\/comments?post=32848"}],"version-history":[{"count":7,"href":"https:\/\/www.onlineprinters.at\/magazin\/wp-json\/wp\/v2\/posts\/32848\/revisions"}],"predecessor-version":[{"id":41577,"href":"https:\/\/www.onlineprinters.at\/magazin\/wp-json\/wp\/v2\/posts\/32848\/revisions\/41577"}],"wp:featuredmedia":[{"embeddable":true,"href":"https:\/\/www.onlineprinters.at\/magazin\/wp-json\/wp\/v2\/media\/32857"}],"wp:attachment":[{"href":"https:\/\/www.onlineprinters.at\/magazin\/wp-json\/wp\/v2\/media?parent=32848"}],"wp:term":[{"taxonomy":"category","embeddable":true,"href":"https:\/\/www.onlineprinters.at\/magazin\/wp-json\/wp\/v2\/categories?post=32848"},{"taxonomy":"post_tag","embeddable":true,"href":"https:\/\/www.onlineprinters.at\/magazin\/wp-json\/wp\/v2\/tags?post=32848"}],"curies":[{"name":"wp","href":"https:\/\/api.w.org\/{rel}","templated":true}]}}